{"id":3924,"date":"2012-08-24T20:15:56","date_gmt":"2012-08-24T18:15:56","guid":{"rendered":"http:\/\/www.frankensicht.de\/?p=3924"},"modified":"2012-08-24T20:15:56","modified_gmt":"2012-08-24T18:15:56","slug":"golfpark-atzenhof-wachst-weiter","status":"publish","type":"post","link":"https:\/\/www.frankensicht.de\/?p=3924","title":{"rendered":"Golfpark Atzenhof w\u00e4chst weiter"},"content":{"rendered":"<p><span style=\"color: #ff0000;\">F\u00fcrth:<\/span><\/p>\n<p style=\"text-align: left;\">Trotz Euro- und Finanzkrise: Im Golfpark Atzenhof siedeln sich weiterhin neue Unternehmen an und investieren Millionen.<\/p>\n<p style=\"text-align: left;\">Die Ansiedlung neuer Unternehmen im Golfpark Atzenhof schreitet trotz Finanz- und Eurokrise best\u00e4ndig voran. Oberb\u00fcrgermeister Thomas Jung und Wirtschaftsreferent Horst M\u00fcller machten sich bei einem Besuch vor Ort und im Gespr\u00e4ch mit neuen Investoren ein Bild vom Fortschritt im F\u00fcrther Norden.<\/p>\n<p style=\"text-align: left;\"><a href=\"https:\/\/www.frankensicht.de\/?attachment_id=3809\" rel=\"attachment wp-att-3809\"><img loading=\"lazy\" decoding=\"async\" class=\"alignnone size-medium wp-image-3809\" title=\"gefaelltmir\" src=\"https:\/\/www.frankensicht.de\/wp-content\/uploads\/2012\/08\/gefaelltmir-300x104.jpeg\" alt=\"\" width=\"300\" height=\"104\" \/><\/a><\/p>\n<p style=\"text-align: left;\">Die City Coffee GmbH, die zur Zeit 25 Mitarbeiter besch\u00e4ftigt, hat sich auf die Kaffeeversorgung f\u00fcr B\u00fcros und Gewerbe spezialisiert. \u201eWir haben uns vor allen Dingen wegen der sehr guten Verkehrsanbindung und der Dynamik vor Ort f\u00fcr Atzenhof entschieden\u201c, sagte Gesch\u00e4ftsf\u00fchrer Siegfried Fuchs. Zudem sei es gelungen, trotz der momentanen Wirtschaftslage ein best\u00e4ndiges Wachstum zu erzielen, dementsprechend wolle er sich nun auf die Entwicklung neuer Vertriebskonzepte konzentrieren, erkl\u00e4rte Fuchs weiter. Die Fertigstellung der neuen Firmenzentrale in der Melli-Beese-Stra\u00dfe erfolgt im September 2012. OB Jung zeigte sich sichtlich erfreut dar\u00fcber, dass nun auch ein Unternehmen aus dem Bereich der Lebensmittelversorgung nach Atzenhof zieht und so zur Vielfalt an Betrieben im Gewerbepark beitr\u00e4gt.<\/p>\n<p>Andreas Biedenkopf, kaufm\u00e4nnischer Leiter der Huber GmbH &amp; Co. KG, erkl\u00e4rte, dass der Umzug in die Gustav-Wei\u00dfkopf-Stra\u00dfe seiner Firma die M\u00f6glichkeit biete, \u201edie Ausstellungs- und B\u00fcrofl\u00e4chen auf 5500 Quadratmeter auszubauen und sie somit zu vervierfachen\u201c. Man reagiere mit dem Umzug darauf, dass sich das Unternehmen derzeit auf Expansionskurs befinde: \u201eErst k\u00fcrzlich haben wir neue europ\u00e4ische Absatzm\u00e4rkte erschlossen und wollen die Mitarbeiterzahl im Laufe der n\u00e4chsten f\u00fcnf Jahre von 15 auf \u00fcber 20 erh\u00f6hen.\u201c Die Huber GmbH, derzeit noch im F\u00fcrther S\u00fcden ans\u00e4ssig, handelt unter anderem mit Zubeh\u00f6r f\u00fcr Funkenerosion, Werkzeug- und Formenbau und ist dar\u00fcber hinaus im Vertrieb f\u00fcr Sandstrahltechnik t\u00e4tig.<\/p>\n<p>Zus\u00e4tzlich zu den beiden Firmenzentralen entsteht in der Gustav-Wei\u00dfkopf-Stra\u00dfe, unter der Bauherrschaft des Planungsb\u00fcros Schredl, ein neuer Komplex, der auf einer Fl\u00e4che von 1700 Quadratmetern Platz f\u00fcr bis zu 70 Arbeitnehmer bieten wird. Auf die Frage, warum er sich zum Bau seines mittlerweile dritten B\u00fcrogeb\u00e4udes in Atzenhof entschieden habe, antwortete Willy Schredl, dass er die Dynamik in der Entwicklung des Gewerbegebietes erkannt habe, \u201ees sich bei F\u00fcrth generell um eine aufstrebende Gro\u00dfstadt handelt und so alle Faktoren vorhanden sind, die einen genialen Standort ausmachen.\u201c<\/p>\n<p>M\u00fcller erkl\u00e4rte, dass das neue Gewerbegebiet derzeit zu 46 Prozent vermarktet sei. \u201eDer Golfpark w\u00e4chst langsam, aber erfolgreich\u201c, so der Wirtschaftsreferent weiter, und soll in f\u00fcnf Jahren eine Vermarktungsquote von 100 Prozent erreichen.<\/p>\n<p>&nbsp;<\/p>\n<p>&nbsp;<\/p>\n<p>Quelle:fuerth.de<\/p>\n","protected":false},"excerpt":{"rendered":"<p>F\u00fcrth: Trotz Euro- und Finanzkrise: Im Golfpark Atzenhof siedeln sich weiterhin neue Unternehmen an und investieren Millionen. Die Ansiedlung neuer Unternehmen im Golfpark Atzenhof schreitet trotz Finanz- und Eurokrise best\u00e4ndig voran. Oberb\u00fcrgermeister Thomas Jung und Wirtschaftsreferent Horst M\u00fcller machten sich bei einem Besuch vor Ort und im Gespr\u00e4ch mit neuen Investoren ein Bild vom Fortschritt [&hellip;]<\/p>\n","protected":false},"author":7,"featured_media":0,"comment_status":"open","ping_status":"open","sticky":false,"template":"","format":"standard","meta":{"footnotes":""},"categories":[110,71,85],"tags":[884],"class_list":["post-3924","post","type-post","status-publish","format-standard","hentry","category-furth-mittelfranken","category-menue","category-mittelfranken","tag-golfpark-atzenhof"],"_links":{"self":[{"href":"https:\/\/www.frankensicht.de\/index.php?rest_route=\/wp\/v2\/posts\/3924","targetHints":{"allow":["GET"]}}],"collection":[{"href":"https:\/\/www.frankensicht.de\/index.php?rest_route=\/wp\/v2\/posts"}],"about":[{"href":"https:\/\/www.frankensicht.de\/index.php?rest_route=\/wp\/v2\/types\/post"}],"author":[{"embeddable":true,"href":"https:\/\/www.frankensicht.de\/index.php?rest_route=\/wp\/v2\/users\/7"}],"replies":[{"embeddable":true,"href":"https:\/\/www.frankensicht.de\/index.php?rest_route=%2Fwp%2Fv2%2Fcomments&post=3924"}],"version-history":[{"count":0,"href":"https:\/\/www.frankensicht.de\/index.php?rest_route=\/wp\/v2\/posts\/3924\/revisions"}],"wp:attachment":[{"href":"https:\/\/www.frankensicht.de\/index.php?rest_route=%2Fwp%2Fv2%2Fmedia&parent=3924"}],"wp:term":[{"taxonomy":"category","embeddable":true,"href":"https:\/\/www.frankensicht.de\/index.php?rest_route=%2Fwp%2Fv2%2Fcategories&post=3924"},{"taxonomy":"post_tag","embeddable":true,"href":"https:\/\/www.frankensicht.de\/index.php?rest_route=%2Fwp%2Fv2%2Ftags&post=3924"}],"curies":[{"name":"wp","href":"https:\/\/api.w.org\/{rel}","templated":true}]}}