{"id":3910,"date":"2012-08-24T08:30:39","date_gmt":"2012-08-24T06:30:39","guid":{"rendered":"http:\/\/www.frankensicht.de\/?p=3910"},"modified":"2012-08-24T10:31:32","modified_gmt":"2012-08-24T08:31:32","slug":"justizministerin-merk-gratuliert-zum-ermittlungserfolg-im-munchner-stalking-fall","status":"publish","type":"post","link":"https:\/\/www.frankensicht.de\/?p=3910","title":{"rendered":"Justizministerin Merk gratuliert zum Ermittlungserfolg im M\u00fcnchner Stalking-Fall"},"content":{"rendered":"<p><span style=\"color: #ff0000;\">M\u00fcnchen:<\/span><br \/>\nBayerns Justizministerin Dr. Beate Merk gratuliert<br \/>\nStaatsanwaltschaft und Polizei zu ihrem Fahndungserfolg<br \/>\nim Fall eines mutma\u00dflichen Stalkers, der eine 17-j\u00e4hrige<br \/>\njunge Frau aus M\u00fcnchen mehrfach bedroht und sogar<br \/>\neinen Nachruf auf sie in einer Tageszeitung aufgegeben<br \/>\nhaben soll. &#8222;Hier zeigt sich einer breiten \u00d6ffentlichkeit,<br \/>\nwie weit Stalking gehen und welche Belastung es f\u00fcr<br \/>\ndas Opfer bedeuten kann&#8220;, so Merk. &#8222;Deshalb ist es<br \/>\nso wichtig, dass wir den Stalking-Paragraphen, f\u00fcr<br \/>\nden Bayern so lange bek\u00e4mpft hat, haben und strafrechtlich<br \/>\ndagegen vorgehen k\u00f6nnen.&#8220;<\/p>\n<p><a href=\"https:\/\/www.frankensicht.de\/?attachment_id=866\" rel=\"attachment wp-att-866\"><img loading=\"lazy\" decoding=\"async\" class=\"alignnone size-medium wp-image-866\" title=\"polizei\" src=\"https:\/\/www.frankensicht.de\/wp-content\/uploads\/2012\/04\/polizei-300x94.jpg\" alt=\"\" width=\"300\" height=\"94\" \/><\/a><\/p>\n<p>Merk<br \/>\nmachte aber zugleich darauf aufmerksam, dass es auch<br \/>\nviele Stalking-Opfer gebe, denen Polizei und Staatsanwaltschaft<br \/>\nnur eingeschr\u00e4nkt helfen k\u00f6nnten, weil der Stalking-Paragraph<br \/>\neine L\u00fccke aufweise. &#8222;Der Straftatbestand ist nur<br \/>\ndann erf\u00fcllt, wenn das strafbare Nachstellen zu einer<br \/>\nBeeintr\u00e4chtigung der Lebensf\u00fchrung des Opfers f\u00fchrt&#8220;,<br \/>\nso Merk. &#8222;Das hat zur Konsequenz, dass Opfer, die sich<br \/>\nnach au\u00dfen hin stark zeigen und ihr Leben nicht umstellen,<br \/>\ndurch unser Strafrecht h\u00e4ufig nicht gesch\u00fctzt sind.&#8220;<br \/>\nDie Ministerin fordert, diese L\u00fccke zu schlie\u00dfen.<br \/>\nSie wirbt derzeit deutschlandweit um Mehrheiten f\u00fcr<br \/>\nden Vorschlag, hat im Juni dieses Jahres die Justizministerkonferenz<br \/>\ndamit befasst und will das Thema im Herbst erneut auf<br \/>\ndie Konferenz bringen. &#8222;Ich setze mich weiter konsequent<br \/>\ndaf\u00fcr ein, dass wir die Schutzl\u00fccke schlie\u00dfen&#8220;,<br \/>\nso Merk.<\/p>\n<p>&nbsp;<\/p>\n<p>Merk wiederholte zudem<br \/>\nihre Forderung, die verpflichtende Vorratsdatenspeicherung<br \/>\nwieder einzuf\u00fchren. &#8222;Gerade in Stalking-F\u00e4llen, die<br \/>\nja typischerweise auch mittels Telefon oder Internet<br \/>\nbegangen werden, kann der R\u00fcckgriff auf gespeicherte<br \/>\nVerbindungsdaten ein wichtiges Mittel f\u00fcr die Strafverfolger<br \/>\nsein, um Straftaten rasch aufzukl\u00e4ren. Im M\u00fcnchner<br \/>\nFall ist dies erfreulicherweise auch ohne den R\u00fcckgriff<br \/>\nauf Vorratsdaten gelungen. Es kann aber auch Stalking-F\u00e4lle<br \/>\ngeben, in denen eine Verz\u00f6gerung der Ermittlungen<br \/>\ndazu f\u00fchrt, dass dem Opfer nicht oder zu sp\u00e4t geholfen<br \/>\nwerden kann!&#8220;<\/p>\n<p>Quelle:stmj.bayern.de<\/p>\n<p>&nbsp;<\/p>\n<p>&nbsp;<\/p>\n","protected":false},"excerpt":{"rendered":"<p>M\u00fcnchen: Bayerns Justizministerin Dr. Beate Merk gratuliert Staatsanwaltschaft und Polizei zu ihrem Fahndungserfolg im Fall eines mutma\u00dflichen Stalkers, der eine 17-j\u00e4hrige junge Frau aus M\u00fcnchen mehrfach bedroht und sogar einen Nachruf auf sie in einer Tageszeitung aufgegeben haben soll. &#8222;Hier zeigt sich einer breiten \u00d6ffentlichkeit, wie weit Stalking gehen und welche Belastung es f\u00fcr das [&hellip;]<\/p>\n","protected":false},"author":7,"featured_media":0,"comment_status":"open","ping_status":"open","sticky":false,"template":"","format":"standard","meta":{"footnotes":""},"categories":[78,71],"tags":[542],"class_list":["post-3910","post","type-post","status-publish","format-standard","hentry","category-bayern","category-menue","tag-stalking"],"_links":{"self":[{"href":"https:\/\/www.frankensicht.de\/index.php?rest_route=\/wp\/v2\/posts\/3910","targetHints":{"allow":["GET"]}}],"collection":[{"href":"https:\/\/www.frankensicht.de\/index.php?rest_route=\/wp\/v2\/posts"}],"about":[{"href":"https:\/\/www.frankensicht.de\/index.php?rest_route=\/wp\/v2\/types\/post"}],"author":[{"embeddable":true,"href":"https:\/\/www.frankensicht.de\/index.php?rest_route=\/wp\/v2\/users\/7"}],"replies":[{"embeddable":true,"href":"https:\/\/www.frankensicht.de\/index.php?rest_route=%2Fwp%2Fv2%2Fcomments&post=3910"}],"version-history":[{"count":0,"href":"https:\/\/www.frankensicht.de\/index.php?rest_route=\/wp\/v2\/posts\/3910\/revisions"}],"wp:attachment":[{"href":"https:\/\/www.frankensicht.de\/index.php?rest_route=%2Fwp%2Fv2%2Fmedia&parent=3910"}],"wp:term":[{"taxonomy":"category","embeddable":true,"href":"https:\/\/www.frankensicht.de\/index.php?rest_route=%2Fwp%2Fv2%2Fcategories&post=3910"},{"taxonomy":"post_tag","embeddable":true,"href":"https:\/\/www.frankensicht.de\/index.php?rest_route=%2Fwp%2Fv2%2Ftags&post=3910"}],"curies":[{"name":"wp","href":"https:\/\/api.w.org\/{rel}","templated":true}]}}