{"id":3758,"date":"2012-08-11T07:31:40","date_gmt":"2012-08-11T05:31:40","guid":{"rendered":"http:\/\/www.frankensicht.de\/?p=3758"},"modified":"2012-08-11T07:31:40","modified_gmt":"2012-08-11T05:31:40","slug":"4-498-asylantrage-im-juli-2012","status":"publish","type":"post","link":"https:\/\/www.frankensicht.de\/?p=3758","title":{"rendered":"4.498 Asylantr\u00e4ge im Juli 2012"},"content":{"rendered":"<p><span style=\"color: #ff0000;\">Berlin:<\/span><br \/>\nIm Juli 2012 wurden beim Bundesamt f\u00fcr Migration und Fl\u00fcchtlinge 4.498 Asylerstantr\u00e4ge gestellt. Die Zahl der Asylbewerber stieg im Vergleich zum Vormonat um 597 Personen (15,3 Prozent).<\/p>\n<p>Im Vergleich zum Vorjahresmonat Juli 2011 stieg die Zahl der Asylbewerber um 1.059 Personen (30,8 Prozent).<\/p>\n<p>904 Personen erhielten im Juli 2012 die Rechtsstellung eines Fl\u00fcchtlings nach der Genfer Konvention (19,4 Prozent aller Asylentscheidungen). Zudem erhielten 977 Personen (20,9 Prozent) sogenannten \u201esubsidi\u00e4ren Schutz\u201c (Abschiebungsverbote gem\u00e4\u00df \u00a7 60 Abs. 2, 3, 5 und 7 des Aufenthaltsgesetzes).<\/p>\n<p>Die Zahlen im Einzelnen:<\/p>\n<p><strong>I. Aktueller Monat<\/strong><\/p>\n<p>Beim Bundesamt f\u00fcr Migration und Fl\u00fcchtlinge haben im Juli 2012 4.498 Personen (Vormonat 3.901 Personen) Asyl beantragt. Damit ist die Zahl der Asylbewerber gegen\u00fcber dem Vormonat um 597 Personen<\/p>\n<p>(15,3 Prozent) und gegen\u00fcber dem Vorjahresmonat um 1.059 Personen (30,8 Prozent) gestiegen.<\/p>\n<p>Hauptherkunftsl\u00e4nder im <strong>Juli 2012<\/strong> waren:<\/p>\n<p class=\"center MsoNormal\">Zum Vergleich<\/p>\n<table class=\"MsoNormalTable\">\n<colgroup> <\/colgroup>\n<thead>\n<tr>\n<th class=\"left\" rowspan=\"1\" colspan=\"1\"><abbr title=\"Nummer\">Nr.<\/abbr><\/th>\n<th class=\"left\" rowspan=\"1\" colspan=\"1\">Land<\/th>\n<th rowspan=\"1\" colspan=\"1\">Mai<\/th>\n<th rowspan=\"1\" colspan=\"1\">Juni<\/th>\n<th rowspan=\"1\" colspan=\"1\">Juli<\/th>\n<\/tr>\n<\/thead>\n<tbody>\n<tr>\n<td class=\"MsoNormal\" rowspan=\"1\" colspan=\"1\" valign=\"top\">\u00a01.<\/td>\n<td rowspan=\"1\" colspan=\"1\" valign=\"top\">Syrien<\/td>\n<td rowspan=\"1\" colspan=\"1\" valign=\"top\">362<\/td>\n<td rowspan=\"1\" colspan=\"1\" valign=\"top\">388<\/td>\n<td rowspan=\"1\" colspan=\"1\" valign=\"top\">608<\/td>\n<\/tr>\n<tr>\n<td class=\"MsoNormal\" rowspan=\"1\" colspan=\"1\" valign=\"top\">\u00a02.<\/td>\n<td rowspan=\"1\" colspan=\"1\" valign=\"top\">Afghanistan<\/td>\n<td rowspan=\"1\" colspan=\"1\" valign=\"top\">505<\/td>\n<td rowspan=\"1\" colspan=\"1\" valign=\"top\">595<\/td>\n<td rowspan=\"1\" colspan=\"1\" valign=\"top\">548<\/td>\n<\/tr>\n<tr>\n<td class=\"MsoNormal\" rowspan=\"1\" colspan=\"1\" valign=\"top\">\u00a03.<\/td>\n<td rowspan=\"1\" colspan=\"1\" valign=\"top\">Irak<\/td>\n<td rowspan=\"1\" colspan=\"1\" valign=\"top\">360<\/td>\n<td rowspan=\"1\" colspan=\"1\" valign=\"top\">416<\/td>\n<td rowspan=\"1\" colspan=\"1\" valign=\"top\">464<\/td>\n<\/tr>\n<tr>\n<td class=\"MsoNormal\" rowspan=\"1\" colspan=\"1\" valign=\"top\">\u00a04.<\/td>\n<td rowspan=\"1\" colspan=\"1\" valign=\"top\">Iran<\/td>\n<td rowspan=\"1\" colspan=\"1\" valign=\"top\">320<\/td>\n<td rowspan=\"1\" colspan=\"1\" valign=\"top\">293<\/td>\n<td rowspan=\"1\" colspan=\"1\" valign=\"top\">327<\/td>\n<\/tr>\n<tr>\n<td class=\"MsoNormal\" rowspan=\"1\" colspan=\"1\" valign=\"top\">\u00a05.<\/td>\n<td rowspan=\"1\" colspan=\"1\" valign=\"top\">Serbien<\/td>\n<td rowspan=\"1\" colspan=\"1\" valign=\"top\">143<\/td>\n<td rowspan=\"1\" colspan=\"1\" valign=\"top\">199<\/td>\n<td rowspan=\"1\" colspan=\"1\" valign=\"top\">324<\/td>\n<\/tr>\n<tr>\n<td class=\"MsoNormal\" rowspan=\"1\" colspan=\"1\" valign=\"top\">\u00a06.<\/td>\n<td rowspan=\"1\" colspan=\"1\" valign=\"top\">Pakistan<\/td>\n<td rowspan=\"1\" colspan=\"1\" valign=\"top\">179<\/td>\n<td rowspan=\"1\" colspan=\"1\" valign=\"top\">316<\/td>\n<td rowspan=\"1\" colspan=\"1\" valign=\"top\">248<\/td>\n<\/tr>\n<tr>\n<td class=\"MsoNormal\" rowspan=\"1\" colspan=\"1\" valign=\"top\">\u00a07.<\/td>\n<td rowspan=\"1\" colspan=\"1\" valign=\"top\">Mazedonien<\/td>\n<td rowspan=\"1\" colspan=\"1\" valign=\"top\">117<\/td>\n<td rowspan=\"1\" colspan=\"1\" valign=\"top\">132<\/td>\n<td rowspan=\"1\" colspan=\"1\" valign=\"top\">215<\/td>\n<\/tr>\n<tr>\n<td class=\"MsoNormal\" rowspan=\"1\" colspan=\"1\" valign=\"top\">\u00a08.<\/td>\n<td rowspan=\"1\" colspan=\"1\" valign=\"top\">Russ. F\u00f6d.<\/td>\n<td rowspan=\"1\" colspan=\"1\" valign=\"top\">148<\/td>\n<td rowspan=\"1\" colspan=\"1\" valign=\"top\">139<\/td>\n<td rowspan=\"1\" colspan=\"1\" valign=\"top\">193<\/td>\n<\/tr>\n<tr>\n<td class=\"MsoNormal\" rowspan=\"1\" colspan=\"1\" valign=\"top\">\u00a09.<\/td>\n<td rowspan=\"1\" colspan=\"1\" valign=\"top\">Kosovo<\/td>\n<td rowspan=\"1\" colspan=\"1\" valign=\"top\">85<\/td>\n<td rowspan=\"1\" colspan=\"1\" valign=\"top\">156<\/td>\n<td rowspan=\"1\" colspan=\"1\" valign=\"top\">152<\/td>\n<\/tr>\n<tr>\n<td class=\"MsoNormal\" rowspan=\"1\" colspan=\"1\" valign=\"top\">10.<\/td>\n<\/tr>\n<\/tbody>\n<\/table>\n<p class=\"MsoNormal\">Neben den 4.498 Erstantr\u00e4gen wurden im Juli 2012 beim Bundesamt f\u00fcr Migration und Fl\u00fcchtlinge 882 Folgeantr\u00e4ge gestellt.<\/p>\n<p class=\"MsoNormal\">Im Juli 2012 hat das Bundesamt \u00fcber die Antr\u00e4ge von 4.666\u00a0Personen (Vormonat: 3.815) entschieden.<\/p>\n<p class=\"MsoNormal\">Insgesamt 904 Personen (19,4 Prozent) wurde die Rechtsstellung eines Fl\u00fcchtlings nach dem Abkommen \u00fcber die Rechtsstellung der Fl\u00fcchtlinge vom 28.\u00a0Juli\u00a01951 (Genfer Fl\u00fcchtlingskonvention) zuerkannt. Darunter waren 77 Personen (1,7 Prozent), die als Asylberechtigte nach Art. 16a des Grundgesetzes anerkannt wurden, sowie 827 Personen (17,7 Prozent), die Fl\u00fcchtlingsschutz nach \u00a7\u00a03 des Asylverfahrensgesetzes i. V. m. \u00a7\u00a060 Abs. 1 des Aufenthaltsgesetzes erhielten.<\/p>\n<p class=\"MsoNormal\">Dar\u00fcber hinaus hat das Bundesamt im Juli 2012 bei 977 Personen (20,9\u00a0Prozent) Abschiebungsverbote gem\u00e4\u00df \u00a7\u00a060 Abs. 2, 3, 5 und 7 des Aufenthaltsgesetzes (sog. subsidi\u00e4rer Schutz) festgestellt.<\/p>\n<p class=\"MsoNormal\">Abgelehnt wurden die Antr\u00e4ge von 1.877 Personen (40,2 Prozent). Anderweitig erledigt (z.B. durch Verfahrenseinstellungen wegen R\u00fccknahme des Asylantrages) wurden die Antr\u00e4ge von 908\u00a0Personen (19,5 Prozent).<\/p>\n<p class=\"MsoNormal\"><strong>II. Laufendes Jahr<\/strong><\/p>\n<p class=\"MsoNormal\">F\u00fcr den Zeitraum Januar bis Juli 2012 ergeben sich folgende Zahlen:<\/p>\n<p class=\"MsoNormal\">In der Zeit von Januar bis Juli 2012 haben insgesamt 27.760 Personen in Deutschland Asyl beantragt. Gegen\u00fcber dem Vergleichszeitraum im Vorjahr (24.143\u00a0Personen) bedeutet dies eine Erh\u00f6hung um 3.617 Personen<\/p>\n<p>(15,0\u00a0Prozent).<\/p>\n<p class=\"MsoNormal\">Die Hauptherkunftsl\u00e4nder in der Zeit von <strong>Januar bis Juli 2012<\/strong>:<\/p>\n<table class=\"MsoNormalTable\">\n<colgroup> <\/colgroup>\n<tbody>\n<tr>\n<td class=\"MsoNormal\" rowspan=\"1\" colspan=\"1\" valign=\"top\">\u00a01.<\/td>\n<td rowspan=\"1\" colspan=\"1\" valign=\"top\">Afghanistan<\/td>\n<td rowspan=\"1\" colspan=\"1\" valign=\"top\">4.124<\/td>\n<\/tr>\n<tr>\n<td class=\"MsoNormal\" rowspan=\"1\" colspan=\"1\" valign=\"top\">\u00a02.<\/td>\n<td rowspan=\"1\" colspan=\"1\" valign=\"top\">Irak<\/td>\n<td rowspan=\"1\" colspan=\"1\" valign=\"top\">3.069<\/td>\n<\/tr>\n<tr>\n<td class=\"MsoNormal\" rowspan=\"1\" colspan=\"1\" valign=\"top\">\u00a03.<\/td>\n<td rowspan=\"1\" colspan=\"1\" valign=\"top\">Syrien<\/td>\n<td rowspan=\"1\" colspan=\"1\" valign=\"top\">2.246<\/td>\n<\/tr>\n<tr>\n<td class=\"MsoNormal\" rowspan=\"1\" colspan=\"1\" valign=\"top\">\u00a04.<\/td>\n<td rowspan=\"1\" colspan=\"1\" valign=\"top\">Serbien<\/td>\n<td rowspan=\"1\" colspan=\"1\" valign=\"top\">2.233<\/td>\n<\/tr>\n<tr>\n<td class=\"MsoNormal\" rowspan=\"1\" colspan=\"1\" valign=\"top\">\u00a05.<\/td>\n<td rowspan=\"1\" colspan=\"1\" valign=\"top\">Iran<\/td>\n<td rowspan=\"1\" colspan=\"1\" valign=\"top\">2.165<\/td>\n<\/tr>\n<tr>\n<td class=\"MsoNormal\" rowspan=\"1\" colspan=\"1\" valign=\"top\">\u00a06.<\/td>\n<td rowspan=\"1\" colspan=\"1\" valign=\"top\">Pakistan<\/td>\n<td rowspan=\"1\" colspan=\"1\" valign=\"top\">1.790<\/td>\n<\/tr>\n<tr>\n<td class=\"MsoNormal\" rowspan=\"1\" colspan=\"1\" valign=\"top\">\u00a07.<\/td>\n<td rowspan=\"1\" colspan=\"1\" valign=\"top\">Russ. F\u00f6d.<\/td>\n<td rowspan=\"1\" colspan=\"1\" valign=\"top\">1.098<\/td>\n<\/tr>\n<tr>\n<td class=\"MsoNormal\" rowspan=\"1\" colspan=\"1\" valign=\"top\">\u00a08.<\/td>\n<td rowspan=\"1\" colspan=\"1\" valign=\"top\">Mazedonien<\/td>\n<td rowspan=\"1\" colspan=\"1\" valign=\"top\">945<\/td>\n<\/tr>\n<tr>\n<td class=\"MsoNormal\" rowspan=\"1\" colspan=\"1\" valign=\"top\">\u00a09.<\/td>\n<td rowspan=\"1\" colspan=\"1\" valign=\"top\">Kosovo<\/td>\n<td rowspan=\"1\" colspan=\"1\" valign=\"top\">856<\/td>\n<\/tr>\n<tr>\n<td class=\"MsoNormal\" rowspan=\"1\" colspan=\"1\" valign=\"top\">10.<\/td>\n<td rowspan=\"1\" colspan=\"1\" valign=\"top\">T\u00fcrkei<\/td>\n<td rowspan=\"1\" colspan=\"1\" valign=\"top\">812<\/td>\n<\/tr>\n<\/tbody>\n<\/table>\n<p class=\"MsoNormal\">Neben den 27.760 Erstantr\u00e4gen wurden insgesamt 5.597 Folgeantr\u00e4ge gestellt.<\/p>\n<p class=\"MsoNormal\">Im Zeitraum von Januar bis Juli 2012 hat das Bundesamt 30.202 Entscheidungen (Vorjahr: 26.451) getroffen.<\/p>\n<p class=\"MsoNormal\">Insgesamt 5.374 Personen (17,8 Prozent) wurde die Rechtsstellung eines Fl\u00fcchtlings nach dem Abkommen \u00fcber die Rechtsstellung der Fl\u00fcchtlinge vom 28.\u00a0Juli\u00a01951 (Genfer Fl\u00fcchtlingskonvention) zuerkannt. Darunter waren 410\u00a0Personen (1,4 Prozent), die als Asylberechtigte nach Art. 16a des Grundgesetzes anerkannt wurden, sowie 4.964 Personen (16,4 Prozent), die Fl\u00fcchtlingsschutz nach \u00a7\u00a03 des Asylverfahrensgesetzes i. V. m. \u00a7\u00a060 Abs. 1 des Aufenthaltsgesetzes erhielten.<\/p>\n<p class=\"MsoNormal\">Dar\u00fcber hinaus hat das Bundesamt von Januar bis Juli 2012 bei 4.986 Personen (16,5 Prozent) Abschiebungsverbote gem\u00e4\u00df \u00a7\u00a060 Abs. 2, 3, 5 und 7 des Aufenthaltsgesetzes (sog. subsidi\u00e4rer Schutz) festgestellt.<\/p>\n<p class=\"MsoNormal\">Abgelehnt wurden die Antr\u00e4ge von 13.403 Personen (44,4 Prozent). Anderweitig erledigt (z.B. durch Verfahrenseinstellungen wegen R\u00fccknahme des Asylantrages) wurden die Antr\u00e4ge von 6.439 Personen (21,3 Prozent).<\/p>\n<p class=\"MsoNormal\">Die Zahl der\u00a0Personen, \u00fcber deren Antr\u00e4ge noch nicht entschieden wurde, betrug Ende Juli 2012 37.318, darunter 33.657 Erstantr\u00e4ge und 3.661 Folgeantr\u00e4ge (Vormonat: 36.317 anh\u00e4ngige Verfahren, davon 32.610 Erst- und 3.707 Folgeantr\u00e4ge).<\/p>\n<p>Quelle: bmi.de<\/p>\n<p><a href=\"https:\/\/www.frankensicht.de\/?attachment_id=1513\" rel=\"attachment wp-att-1513\"><img loading=\"lazy\" decoding=\"async\" class=\"alignnone size-medium wp-image-1513\" title=\"statistik\" src=\"https:\/\/www.frankensicht.de\/wp-content\/uploads\/2012\/05\/statistik-300x223.jpg\" alt=\"\" width=\"300\" height=\"223\" srcset=\"https:\/\/www.frankensicht.de\/wp-content\/uploads\/2012\/05\/statistik-300x223.jpg 300w, https:\/\/www.frankensicht.de\/wp-content\/uploads\/2012\/05\/statistik.jpeg 370w\" sizes=\"auto, (max-width: 300px) 100vw, 300px\" \/><\/a><\/p>\n<p>&nbsp;<\/p>\n<p>&nbsp;<\/p>\n<p>&nbsp;<\/p>\n","protected":false},"excerpt":{"rendered":"<p>Berlin: Im Juli 2012 wurden beim Bundesamt f\u00fcr Migration und Fl\u00fcchtlinge 4.498 Asylerstantr\u00e4ge gestellt. Die Zahl der Asylbewerber stieg im Vergleich zum Vormonat um 597 Personen (15,3 Prozent). Im Vergleich zum Vorjahresmonat Juli 2011 stieg die Zahl der Asylbewerber um 1.059 Personen (30,8 Prozent). 904 Personen erhielten im Juli 2012 die Rechtsstellung eines Fl\u00fcchtlings nach [&hellip;]<\/p>\n","protected":false},"author":7,"featured_media":1513,"comment_status":"open","ping_status":"open","sticky":false,"template":"","format":"standard","meta":{"footnotes":""},"categories":[3,17],"tags":[854],"class_list":["post-3758","post","type-post","status-publish","format-standard","has-post-thumbnail","hentry","category-news","category-politik","tag-asylbewerber"],"_links":{"self":[{"href":"https:\/\/www.frankensicht.de\/index.php?rest_route=\/wp\/v2\/posts\/3758","targetHints":{"allow":["GET"]}}],"collection":[{"href":"https:\/\/www.frankensicht.de\/index.php?rest_route=\/wp\/v2\/posts"}],"about":[{"href":"https:\/\/www.frankensicht.de\/index.php?rest_route=\/wp\/v2\/types\/post"}],"author":[{"embeddable":true,"href":"https:\/\/www.frankensicht.de\/index.php?rest_route=\/wp\/v2\/users\/7"}],"replies":[{"embeddable":true,"href":"https:\/\/www.frankensicht.de\/index.php?rest_route=%2Fwp%2Fv2%2Fcomments&post=3758"}],"version-history":[{"count":0,"href":"https:\/\/www.frankensicht.de\/index.php?rest_route=\/wp\/v2\/posts\/3758\/revisions"}],"wp:featuredmedia":[{"embeddable":true,"href":"https:\/\/www.frankensicht.de\/index.php?rest_route=\/wp\/v2\/media\/1513"}],"wp:attachment":[{"href":"https:\/\/www.frankensicht.de\/index.php?rest_route=%2Fwp%2Fv2%2Fmedia&parent=3758"}],"wp:term":[{"taxonomy":"category","embeddable":true,"href":"https:\/\/www.frankensicht.de\/index.php?rest_route=%2Fwp%2Fv2%2Fcategories&post=3758"},{"taxonomy":"post_tag","embeddable":true,"href":"https:\/\/www.frankensicht.de\/index.php?rest_route=%2Fwp%2Fv2%2Ftags&post=3758"}],"curies":[{"name":"wp","href":"https:\/\/api.w.org\/{rel}","templated":true}]}}