{"id":3664,"date":"2012-08-01T17:31:48","date_gmt":"2012-08-01T15:31:48","guid":{"rendered":"http:\/\/www.frankensicht.de\/?p=3664"},"modified":"2012-08-01T17:32:16","modified_gmt":"2012-08-01T15:32:16","slug":"domdekan-pralat-dr-lorenz-wolf-fur-seine-verdienste-um-das-gemeinwohl-mit-dem-bundesverdienstkreuz-ausgezeichnet","status":"publish","type":"post","link":"https:\/\/www.frankensicht.de\/?p=3664","title":{"rendered":"Domdekan Pr\u00e4lat Dr. Lorenz Wolf f\u00fcr seine Verdienste um das Gemeinwohl mit dem Bundesverdienstkreuz ausgezeichnet"},"content":{"rendered":"<p><span style=\"color: #ff0000;\">M\u00fcnchen:<\/span><\/p>\n<p>Kultusminister Spaenle w\u00fcrdigt Pr\u00e4lat Wolf f\u00fcr seinen au\u00dferordentlichen Einsatz in der Zusammenarbeit zwischen Staat und Kirche<\/p>\n<p><a href=\"https:\/\/www.frankensicht.de\/?attachment_id=3665\" rel=\"attachment wp-att-3665\"><img loading=\"lazy\" decoding=\"async\" class=\"alignnone size-full wp-image-3665\" title=\"antrittsbesuch-von-praelat-wolf-3464\" src=\"https:\/\/www.frankensicht.de\/wp-content\/uploads\/2012\/08\/antrittsbesuch-von-praelat-wolf-3464.jpg\" alt=\"\" width=\"236\" height=\"177\" \/>@<\/a>bistum-regensburg<\/p>\n<p>Kultusminister Dr. Ludwig Spaenle hat heute im Bayerischen Kultusministerium Herrn Domdekan Pr\u00e4lat Dr. Lorenz Wolf f\u00fcr seine herausragenden Verdienste um das Gemeinwohl das Verdienstkreuz am Bande des Verdienstordens der Bundesrepublik Deutschland ausgeh\u00e4ndigt.<br \/>\nDr. Lorenz Wolf wurde 1982 zum Priester geweiht. Nach dem Studium des Kirchenrechts wurde er 1989 im Erzbisch\u00f6flichen Konsistorium und Metropolitangericht M\u00fcnchen zum Vizeoffizial ernannt. Von 1995 bis 1997 promovierte er an der P\u00e4pstlichen Lateran-Universit\u00e4t in Rom. Zum 1. August 1997 wurde er zum Ordinariatsrat und Leiter des Referats Kirchenrecht sowie zum Offizial der Erzdi\u00f6zese M\u00fcnchen und Freising und ein Jahr sp\u00e4ter zum Domkapitular des Metropolitankapitels M\u00fcnchen ernannt. Im Jahr 2004 folgte durch das Metropolitankapitel die Wahl zum neuen Domdekan. Als Leiter des Katholischen B\u00fcros Bayern vertritt er seit 2010 die Freisinger Bischofskonferenz sowie die sieben bayerischen Erzdi\u00f6zesen und Di\u00f6zesen beim Bayerischen Landtag und bei der Staatsregierung.<br \/>\nKultusminister Dr. Ludwig Spaenle betonte in seiner Laudatio: &#8222;Sie sind nicht nur f\u00fcr den Erzbischof von M\u00fcnchen und Freising einer der wichtigsten Ratgeber und Helfer. Aufgrund Ihrer theologischen und juristischen Kenntnisse, Ihrer zwischenmenschlichen Kompetenz und Ihres Einf\u00fchlungsverm\u00f6gen sind Sie \u00fcber den kirchlichen Bereich hinaus, insbesondere f\u00fcr den Staat, ein hoch gesch\u00e4tzter Gespr\u00e4chspartner.&#8220; Als Leiter des Katholischen B\u00fcros Bayern trage er durch seine hervorragenden F\u00e4higkeiten und sein gro\u00dfes Engagement ma\u00dfgeblich zu einer konstruktiven und vertrauensvollen Zusammenarbeit von Staat und Kirche in Bayern bei, so der Minister.<\/p>\n<p>Quelle: stmuk.bayern.de<\/p>\n","protected":false},"excerpt":{"rendered":"<p>M\u00fcnchen: Kultusminister Spaenle w\u00fcrdigt Pr\u00e4lat Wolf f\u00fcr seinen au\u00dferordentlichen Einsatz in der Zusammenarbeit zwischen Staat und Kirche @bistum-regensburg Kultusminister Dr. Ludwig Spaenle hat heute im Bayerischen Kultusministerium Herrn Domdekan Pr\u00e4lat Dr. Lorenz Wolf f\u00fcr seine herausragenden Verdienste um das Gemeinwohl das Verdienstkreuz am Bande des Verdienstordens der Bundesrepublik Deutschland ausgeh\u00e4ndigt. Dr. Lorenz Wolf wurde 1982 [&hellip;]<\/p>\n","protected":false},"author":7,"featured_media":0,"comment_status":"open","ping_status":"open","sticky":false,"template":"","format":"standard","meta":{"footnotes":""},"categories":[78,76,71],"tags":[835],"class_list":["post-3664","post","type-post","status-publish","format-standard","hentry","category-bayern","category-kirche","category-menue","tag-pralat-wolf"],"_links":{"self":[{"href":"https:\/\/www.frankensicht.de\/index.php?rest_route=\/wp\/v2\/posts\/3664","targetHints":{"allow":["GET"]}}],"collection":[{"href":"https:\/\/www.frankensicht.de\/index.php?rest_route=\/wp\/v2\/posts"}],"about":[{"href":"https:\/\/www.frankensicht.de\/index.php?rest_route=\/wp\/v2\/types\/post"}],"author":[{"embeddable":true,"href":"https:\/\/www.frankensicht.de\/index.php?rest_route=\/wp\/v2\/users\/7"}],"replies":[{"embeddable":true,"href":"https:\/\/www.frankensicht.de\/index.php?rest_route=%2Fwp%2Fv2%2Fcomments&post=3664"}],"version-history":[{"count":0,"href":"https:\/\/www.frankensicht.de\/index.php?rest_route=\/wp\/v2\/posts\/3664\/revisions"}],"wp:attachment":[{"href":"https:\/\/www.frankensicht.de\/index.php?rest_route=%2Fwp%2Fv2%2Fmedia&parent=3664"}],"wp:term":[{"taxonomy":"category","embeddable":true,"href":"https:\/\/www.frankensicht.de\/index.php?rest_route=%2Fwp%2Fv2%2Fcategories&post=3664"},{"taxonomy":"post_tag","embeddable":true,"href":"https:\/\/www.frankensicht.de\/index.php?rest_route=%2Fwp%2Fv2%2Ftags&post=3664"}],"curies":[{"name":"wp","href":"https:\/\/api.w.org\/{rel}","templated":true}]}}