{"id":3658,"date":"2012-08-02T07:05:28","date_gmt":"2012-08-02T05:05:28","guid":{"rendered":"http:\/\/www.frankensicht.de\/?p=3658"},"modified":"2012-08-02T07:05:29","modified_gmt":"2012-08-02T05:05:29","slug":"justiz-unterzeichnet-vertrage-mit-privaten-sicherheitsunternehmen-ministerin-merk-doppelhaushalt-20132014-ist-grundlage-fur-mehr-sicherheit-in-justizgebauden","status":"publish","type":"post","link":"https:\/\/www.frankensicht.de\/?p=3658","title":{"rendered":"Justiz unterzeichnet Vertr\u00e4ge mit privaten Sicherheitsunternehmen \/ Ministerin Merk: &#8222;Doppelhaushalt 2013\/2014 ist Grundlage f\u00fcr mehr Sicherheit in Justizgeb\u00e4uden!&#8220;"},"content":{"rendered":"<p><span style=\"color: #ff0000;\">M\u00fcnchen:<\/span><br \/>\nAb dem 1. September 2012 werden in drei Tranchen<br \/>\nca. 300 Mitarbeiter privater Sicherheitsunternehmen<br \/>\ndie rund 930 bayerischen Justizwachtmeister bei der<br \/>\nPersonenkontrolle in Justizgeb\u00e4uden unterst\u00fctzen.<br \/>\nHeute werden in M\u00fcnchen die Dienstleistungsvertr\u00e4ge<br \/>\nzwischen der bayerischen Justiz und privaten Sicherheitsunternehmen<br \/>\nunterschrieben.<\/p>\n<p><a href=\"https:\/\/www.frankensicht.de\/?attachment_id=3276\" rel=\"attachment wp-att-3276\"><img loading=\"lazy\" decoding=\"async\" class=\"alignnone size-medium wp-image-3276\" title=\"knast\" src=\"https:\/\/www.frankensicht.de\/wp-content\/uploads\/2012\/07\/knast-300x225.png\" alt=\"\" width=\"300\" height=\"225\" srcset=\"https:\/\/www.frankensicht.de\/wp-content\/uploads\/2012\/07\/knast-300x225.png 300w, https:\/\/www.frankensicht.de\/wp-content\/uploads\/2012\/07\/knast.png 840w\" sizes=\"auto, (max-width: 300px) 100vw, 300px\" \/><\/a><\/p>\n<p>Bayerns Justizministerin<br \/>\nDr. Beate Merk zu diesem Anlass: &#8222;Der gestern vom Kabinett<br \/>\nbeschlossene Regierungsentwurf zum Doppelhaushalt 2013\/2014<br \/>\nsetzt im Bereich der Justiz einen Schwerpunkt bei der<br \/>\nVerbesserung der Sicherheit in Justizgeb\u00e4uden. Uns<br \/>\nstehen in den n\u00e4chsten beiden Jahren zus\u00e4tzlich 31<br \/>\nMio. \u20ac f\u00fcr bauliche und technische Ma\u00dfnahmen sowie<br \/>\nprivates Kontrollpersonal zur Verf\u00fcgung. Auch an dieser<br \/>\nStelle zeigt sich: Unser solides Haushalten zahlt sich<br \/>\naus!&#8220;<\/p>\n<p>&nbsp;<\/p>\n<p>F\u00fcr die deutschlandweite<br \/>\nAusschreibung der Sicherheitsdienstleistungen wurden<br \/>\nzur F\u00f6rderung des Mittelstandes 8 Lose (Regierungsbezirke<br \/>\nund M\u00fcnchen) gebildet. Der Zuschlag fiel auf 3 Sicherheitsunternehmen<br \/>\nmit Sitz in M\u00fcnchen, N\u00fcrnberg und Landshut. Besonderen<br \/>\nWert wurde auf die Leistungsf\u00e4higkeit, Fachkunde und<br \/>\nZuverl\u00e4ssigkeit der Unternehmen gelegt.<\/p>\n<p>&nbsp;<\/p>\n<p>&nbsp;<\/p>\n<p>&nbsp;<\/p>\n","protected":false},"excerpt":{"rendered":"<p>M\u00fcnchen: Ab dem 1. September 2012 werden in drei Tranchen ca. 300 Mitarbeiter privater Sicherheitsunternehmen die rund 930 bayerischen Justizwachtmeister bei der Personenkontrolle in Justizgeb\u00e4uden unterst\u00fctzen. Heute werden in M\u00fcnchen die Dienstleistungsvertr\u00e4ge zwischen der bayerischen Justiz und privaten Sicherheitsunternehmen unterschrieben. Bayerns Justizministerin Dr. Beate Merk zu diesem Anlass: &#8222;Der gestern vom Kabinett beschlossene Regierungsentwurf zum [&hellip;]<\/p>\n","protected":false},"author":7,"featured_media":3276,"comment_status":"open","ping_status":"open","sticky":false,"template":"","format":"standard","meta":{"footnotes":""},"categories":[78,71],"tags":[834],"class_list":["post-3658","post","type-post","status-publish","format-standard","has-post-thumbnail","hentry","category-bayern","category-menue","tag-justizbedienstete"],"_links":{"self":[{"href":"https:\/\/www.frankensicht.de\/index.php?rest_route=\/wp\/v2\/posts\/3658","targetHints":{"allow":["GET"]}}],"collection":[{"href":"https:\/\/www.frankensicht.de\/index.php?rest_route=\/wp\/v2\/posts"}],"about":[{"href":"https:\/\/www.frankensicht.de\/index.php?rest_route=\/wp\/v2\/types\/post"}],"author":[{"embeddable":true,"href":"https:\/\/www.frankensicht.de\/index.php?rest_route=\/wp\/v2\/users\/7"}],"replies":[{"embeddable":true,"href":"https:\/\/www.frankensicht.de\/index.php?rest_route=%2Fwp%2Fv2%2Fcomments&post=3658"}],"version-history":[{"count":0,"href":"https:\/\/www.frankensicht.de\/index.php?rest_route=\/wp\/v2\/posts\/3658\/revisions"}],"wp:featuredmedia":[{"embeddable":true,"href":"https:\/\/www.frankensicht.de\/index.php?rest_route=\/wp\/v2\/media\/3276"}],"wp:attachment":[{"href":"https:\/\/www.frankensicht.de\/index.php?rest_route=%2Fwp%2Fv2%2Fmedia&parent=3658"}],"wp:term":[{"taxonomy":"category","embeddable":true,"href":"https:\/\/www.frankensicht.de\/index.php?rest_route=%2Fwp%2Fv2%2Fcategories&post=3658"},{"taxonomy":"post_tag","embeddable":true,"href":"https:\/\/www.frankensicht.de\/index.php?rest_route=%2Fwp%2Fv2%2Ftags&post=3658"}],"curies":[{"name":"wp","href":"https:\/\/api.w.org\/{rel}","templated":true}]}}