{"id":3636,"date":"2012-08-01T09:31:31","date_gmt":"2012-08-01T07:31:31","guid":{"rendered":"http:\/\/www.frankensicht.de\/?p=3636"},"modified":"2012-08-01T09:31:31","modified_gmt":"2012-08-01T07:31:31","slug":"vollbeschaftigung-in-uber-70-aller-bayerischen-landkreise","status":"publish","type":"post","link":"https:\/\/www.frankensicht.de\/?p=3636","title":{"rendered":"Vollbesch\u00e4ftigung in \u00fcber 70 % aller bayerischen Landkreise"},"content":{"rendered":"<p><span style=\"color: #ff0000;\">M\u00fcnchen:<\/span><br \/>\nBayerns Wirtschaftsminister Zeil zu den Arbeitsmarktzahlen f\u00fcr Juli<\/p>\n<p>Bayern zeigt, Vollbesch\u00e4ftigung ist<br \/>\nmachbar. In 50 der 71 bayerischen Landkreise lag die<br \/>\nArbeitslosenquote unter drei Prozent\u201c, stellt Bayerns<br \/>\nWirtschaftsminister Martin Zeil angesichts der aktuellen<br \/>\nArbeitsmarktzahlen f\u00fcr Bayern im Juli fest. \u201eTrotz<br \/>\nnachlassender Konjunktur und gestiegener weltwirtschaftlicher<br \/>\nRisiken hat sich der bayerische Arbeitsmarkt im Juli<br \/>\nstabil gehalten. Der Freistaat trotzt der Krise und<br \/>\nbleibt auch besch\u00e4ftigungspolitisch ein Stabilit\u00e4tsanker<br \/>\nin Deutschland und Europa.\u201c Die bayernweite durchschnittliche<br \/>\nArbeitslosenquote liegt unver\u00e4ndert bei 3,4 Prozent.<br \/>\nAuch der Anstieg der sozialversicherungspflichtig Besch\u00e4ftigten<br \/>\nh\u00e4lt weiter an. Der regionale Stellenindex der Bundesagentur<br \/>\nf\u00fcr Arbeit zeigt zudem, dass die bayerischen Unternehmen<br \/>\ntrotz der leichten konjunkturellen Abschw\u00e4chung sehr<br \/>\neinstellungsfreudig sind. \u201eDas beweist, dass unsere<br \/>\nbayerische Wirtschaft nach wie vor sehr gut aufgestellt<br \/>\nist und den internationalen Turbulenzen erfolgreich<br \/>\nParoli bieten kann\u201c, so Zeil.<\/p>\n<p><a href=\"https:\/\/www.frankensicht.de\/?attachment_id=2153\" rel=\"attachment wp-att-2153\"><img loading=\"lazy\" decoding=\"async\" class=\"alignnone size-full wp-image-2153\" title=\"220px-VWL_Arbeitsmarkt_AundN\" src=\"https:\/\/www.frankensicht.de\/wp-content\/uploads\/2012\/05\/220px-VWL_Arbeitsmarkt_AundN.gif\" alt=\"\" width=\"220\" height=\"167\" \/><\/a><\/p>\n<p>\u201eNat\u00fcrlich<br \/>\nleben auch wir nicht auf einer Insel der Seligen und<br \/>\nk\u00f6nnen uns nicht komplett von der konjunkturellen<br \/>\nAbk\u00fchlung der letzten Monate abkoppeln\u201c, erg\u00e4nzt<br \/>\nder Wirtschaftsminister. \u201eDas Ziel ist und bleibt:<br \/>\nVollbesch\u00e4ftigung in ganz Bayern bis zum Jahr 2015.<br \/>\nWenn einer dieses Ziel erreichen kann, dann wir in<br \/>\nBayern. Unsere Wirtschaft ist innovativ, wettbewerbsf\u00e4hig<br \/>\nund international gut aufgestellt. Wir werden die Flaute<br \/>\nder n\u00e4chsten Monate \u00fcberstehen. Durch den Doppelhaushalt<br \/>\n2013\/2014 mit gro\u00dfen Investitionen in wichtige Zukunftsfelder<br \/>\nsorgen wir f\u00fcr beste Voraussetzungen, dass das Projekt<br \/>\nVollbesch\u00e4ftigung 2015 zum Erfolg f\u00fchrt \u201c, betont<br \/>\nZeil.<\/p>\n<p>&nbsp;<\/p>\n<p>Im Juli 2012 lag die<br \/>\nArbeitslosenquote in den bayerischen Regierungsbezirken<br \/>\nzwischen 2,9 Prozent in Niederbayern und 4,4 Prozent<br \/>\nin Mittelfranken. Sie befindet sich damit \u00fcberall<br \/>\nweit unter dem Bundesdurchschnitt von 6,8 Prozent.<\/p>\n<p>Quelle: stmwivt.bayern.de<\/p>\n<p>&nbsp;<\/p>\n","protected":false},"excerpt":{"rendered":"<p>M\u00fcnchen: Bayerns Wirtschaftsminister Zeil zu den Arbeitsmarktzahlen f\u00fcr Juli Bayern zeigt, Vollbesch\u00e4ftigung ist machbar. In 50 der 71 bayerischen Landkreise lag die Arbeitslosenquote unter drei Prozent\u201c, stellt Bayerns Wirtschaftsminister Martin Zeil angesichts der aktuellen Arbeitsmarktzahlen f\u00fcr Bayern im Juli fest. \u201eTrotz nachlassender Konjunktur und gestiegener weltwirtschaftlicher Risiken hat sich der bayerische Arbeitsmarkt im Juli stabil [&hellip;]<\/p>\n","protected":false},"author":7,"featured_media":0,"comment_status":"open","ping_status":"open","sticky":false,"template":"","format":"standard","meta":{"footnotes":""},"categories":[78,71],"tags":[685],"class_list":["post-3636","post","type-post","status-publish","format-standard","hentry","category-bayern","category-menue","tag-vollbeschaftigung"],"_links":{"self":[{"href":"https:\/\/www.frankensicht.de\/index.php?rest_route=\/wp\/v2\/posts\/3636","targetHints":{"allow":["GET"]}}],"collection":[{"href":"https:\/\/www.frankensicht.de\/index.php?rest_route=\/wp\/v2\/posts"}],"about":[{"href":"https:\/\/www.frankensicht.de\/index.php?rest_route=\/wp\/v2\/types\/post"}],"author":[{"embeddable":true,"href":"https:\/\/www.frankensicht.de\/index.php?rest_route=\/wp\/v2\/users\/7"}],"replies":[{"embeddable":true,"href":"https:\/\/www.frankensicht.de\/index.php?rest_route=%2Fwp%2Fv2%2Fcomments&post=3636"}],"version-history":[{"count":0,"href":"https:\/\/www.frankensicht.de\/index.php?rest_route=\/wp\/v2\/posts\/3636\/revisions"}],"wp:attachment":[{"href":"https:\/\/www.frankensicht.de\/index.php?rest_route=%2Fwp%2Fv2%2Fmedia&parent=3636"}],"wp:term":[{"taxonomy":"category","embeddable":true,"href":"https:\/\/www.frankensicht.de\/index.php?rest_route=%2Fwp%2Fv2%2Fcategories&post=3636"},{"taxonomy":"post_tag","embeddable":true,"href":"https:\/\/www.frankensicht.de\/index.php?rest_route=%2Fwp%2Fv2%2Ftags&post=3636"}],"curies":[{"name":"wp","href":"https:\/\/api.w.org\/{rel}","templated":true}]}}