{"id":3632,"date":"2012-08-01T09:31:47","date_gmt":"2012-08-01T07:31:47","guid":{"rendered":"http:\/\/www.frankensicht.de\/?p=3632"},"modified":"2012-08-01T09:31:47","modified_gmt":"2012-08-01T07:31:47","slug":"bayerns-wirtschaftsminister-zeil-zur-einfuhrung-der-blue-card-zum-1-august-2012","status":"publish","type":"post","link":"https:\/\/www.frankensicht.de\/?p=3632","title":{"rendered":"Bayerns Wirtschaftsminister Zeil zur Einf\u00fchrung der \u201eBlue Card\u201c zum 1. August 2012"},"content":{"rendered":"<p><span style=\"color: #ff0000;\">M\u00fcnchen:<\/span><br \/>\n<strong>\u201eBesonders Bayern w<\/strong>ird profitieren\u201c<\/p>\n<p>Der bayerische Wirtschaftsminister<br \/>\nund stellvertretende Ministerpr\u00e4sident Martin Zeil<br \/>\nzeigt sich erfreut, dass Deutschland mit der Einf\u00fchrung<br \/>\nder sogenannten Blue Card ab morgen die Zuwanderung<br \/>\nhochqualifizierter Fachkr\u00e4fte f\u00f6rdert, statt sie<br \/>\nwie bisher zu behindern. \u201eEndlich wird das Realit\u00e4t,<br \/>\nwof\u00fcr ich \u00fcber Jahre hinweg mit aller Kraft gek\u00e4mpft<br \/>\nhabe: Deutschland rei\u00dft Mauern beim Thema Zuwanderung<br \/>\nein\u201c, so Zeil. Gerade Bayern sei nicht nur auf die<br \/>\nTalente aus der EU, sondern vielmehr auf die kl\u00fcgsten<br \/>\nK\u00f6pfe aus aller Welt angewiesen. Schlie\u00dflich schaffe<br \/>\njeder Hochqualifizierte, der nach Bayern komme, hier<br \/>\nneue Arbeitspl\u00e4tze und damit auch Besch\u00e4ftigungsm\u00f6glichkeiten<br \/>\nf\u00fcr geringer Qualifizierte. Der Freistaat solle sich<br \/>\ndieser Chancen nicht berauben, denn sonst entst\u00fcnden<br \/>\nneue Arbeitspl\u00e4tze irgendwo in der Welt, nur nicht<br \/>\nin Bayern. \u201eDiese Zuwanderung de luxe tr\u00e4gt ganz<br \/>\nwesentlich dazu bei, das von mir proklamierte Ziel<br \/>\nzu erreichen, in Bayern bis zum Jahr 2015 Vollbesch\u00e4ftigung<br \/>\nzu schaffen\u201c, betont Zeil.<\/p>\n<p><a href=\"https:\/\/www.frankensicht.de\/?attachment_id=3634\" rel=\"attachment wp-att-3634\"><img loading=\"lazy\" decoding=\"async\" class=\"alignnone size-medium wp-image-3634\" title=\"06270001\" src=\"https:\/\/www.frankensicht.de\/wp-content\/uploads\/2012\/07\/062700011-300x225.jpg\" alt=\"\" width=\"300\" height=\"225\" srcset=\"https:\/\/www.frankensicht.de\/wp-content\/uploads\/2012\/07\/062700011-300x225.jpg 300w, https:\/\/www.frankensicht.de\/wp-content\/uploads\/2012\/07\/062700011-1024x768.jpg 1024w, https:\/\/www.frankensicht.de\/wp-content\/uploads\/2012\/07\/062700011.jpg 1280w\" sizes=\"auto, (max-width: 300px) 100vw, 300px\" \/><\/a><\/p>\n<p>Mit<br \/>\nder Blue Card sollen f\u00fcr Nicht-EU-B\u00fcrger b\u00fcrokratische<br \/>\nH\u00fcrden im Aufenthalts- und Zuwanderungsrecht abgebaut<br \/>\nund ein klares Willkommenssignal in alle Welt gesendet<br \/>\nwerden. Zeil erg\u00e4nzt, die neue Karte sei zwar blau,<br \/>\nk\u00f6nnte aber auch wei\u00df-blau sein: \u201eDenn eines ist<br \/>\ndoch klar: Kein anderes Land wird von den neuen Regeln<br \/>\nso stark profitieren wie der Industrie- und Forschungsstandort<br \/>\nBayern.\u201c<\/p>\n<p>&nbsp;<\/p>\n<p>Zeil zufolge suchten<br \/>\ndie bayerischen Unternehmen heute schon h\u00e4nderingend<br \/>\nnach gut ausgebildeten Fachkr\u00e4ften. Alle Daten und<br \/>\nPrognosen zeigten, dass sich die Situation in den n\u00e4chsten<br \/>\nJahren akut versch\u00e4rfen wird. \u201eBereits in naher<br \/>\nZukunft brauchen wir im Freistaat nicht tausende sondern<br \/>\nhunderttausende Fachkr\u00e4fte. Unser Freistaat hei\u00dft<br \/>\ndaher alle Hochqualifizierten aus dem Ausland herzlich<br \/>\nwillkommen \u2013 egal wo sie herkommen\u201c, bekr\u00e4ftigt<br \/>\nder Minister.<\/p>\n<p>&nbsp;<\/p>\n<p>Zugleich zeigte Zeil<br \/>\nVerst\u00e4ndnis daf\u00fcr, dass viele Menschen dem Thema<br \/>\nZuwanderung immer noch mit gro\u00dfer Skepsis begegnen.<br \/>\nDiese Sorgen seien jedoch unbegr\u00fcndet. \u201eKommen sollen<br \/>\nnur jene, die beruflich etwas vorweisen k\u00f6nnen und<br \/>\nbereit sind, mit uns an der Zukunft unseres Landes<br \/>\nzu arbeiten. Wir sollten dem Thema daher mit unserer<br \/>\ntypisch bayerischen Gelassenheit und der sprichw\u00f6rtlichen<br \/>\nLiberalitas Bavariae begegnen\u201c, so der Minister.<br \/>\nDie Erfahrungen anderer L\u00e4nder zeigten, dass ausl\u00e4ndische<br \/>\nFachkr\u00e4fte eben keine einheimischen Arbeitnehmer verdr\u00e4ngten,<br \/>\nsondern vielmehr neue Arbeitspl\u00e4tze schafften, die<br \/>\nauch Geringqualifizierten zugute k\u00e4men. Zeil: \u201eWir<br \/>\nsollten diese Menschen deshalb mit offenen Armen bei<br \/>\nuns willkommen hei\u00dfen.\u201c<\/p>\n<p>Quelle: stmwivt.bayern.de<\/p>\n<p>&nbsp;<\/p>\n","protected":false},"excerpt":{"rendered":"<p>M\u00fcnchen: \u201eBesonders Bayern wird profitieren\u201c Der bayerische Wirtschaftsminister und stellvertretende Ministerpr\u00e4sident Martin Zeil zeigt sich erfreut, dass Deutschland mit der Einf\u00fchrung der sogenannten Blue Card ab morgen die Zuwanderung hochqualifizierter Fachkr\u00e4fte f\u00f6rdert, statt sie wie bisher zu behindern. \u201eEndlich wird das Realit\u00e4t, wof\u00fcr ich \u00fcber Jahre hinweg mit aller Kraft gek\u00e4mpft habe: Deutschland rei\u00dft Mauern [&hellip;]<\/p>\n","protected":false},"author":7,"featured_media":3634,"comment_status":"open","ping_status":"open","sticky":false,"template":"","format":"standard","meta":{"footnotes":""},"categories":[78,71],"tags":[827],"class_list":["post-3632","post","type-post","status-publish","format-standard","has-post-thumbnail","hentry","category-bayern","category-menue","tag-bluecard"],"_links":{"self":[{"href":"https:\/\/www.frankensicht.de\/index.php?rest_route=\/wp\/v2\/posts\/3632","targetHints":{"allow":["GET"]}}],"collection":[{"href":"https:\/\/www.frankensicht.de\/index.php?rest_route=\/wp\/v2\/posts"}],"about":[{"href":"https:\/\/www.frankensicht.de\/index.php?rest_route=\/wp\/v2\/types\/post"}],"author":[{"embeddable":true,"href":"https:\/\/www.frankensicht.de\/index.php?rest_route=\/wp\/v2\/users\/7"}],"replies":[{"embeddable":true,"href":"https:\/\/www.frankensicht.de\/index.php?rest_route=%2Fwp%2Fv2%2Fcomments&post=3632"}],"version-history":[{"count":0,"href":"https:\/\/www.frankensicht.de\/index.php?rest_route=\/wp\/v2\/posts\/3632\/revisions"}],"wp:featuredmedia":[{"embeddable":true,"href":"https:\/\/www.frankensicht.de\/index.php?rest_route=\/wp\/v2\/media\/3634"}],"wp:attachment":[{"href":"https:\/\/www.frankensicht.de\/index.php?rest_route=%2Fwp%2Fv2%2Fmedia&parent=3632"}],"wp:term":[{"taxonomy":"category","embeddable":true,"href":"https:\/\/www.frankensicht.de\/index.php?rest_route=%2Fwp%2Fv2%2Fcategories&post=3632"},{"taxonomy":"post_tag","embeddable":true,"href":"https:\/\/www.frankensicht.de\/index.php?rest_route=%2Fwp%2Fv2%2Ftags&post=3632"}],"curies":[{"name":"wp","href":"https:\/\/api.w.org\/{rel}","templated":true}]}}