{"id":3590,"date":"2012-07-27T12:07:03","date_gmt":"2012-07-27T10:07:03","guid":{"rendered":"http:\/\/www.frankensicht.de\/?p=3590"},"modified":"2012-07-27T12:07:03","modified_gmt":"2012-07-27T10:07:03","slug":"deutschland-verstarkt-humanitare-hilfe-fur-syrische-fluchtlinge","status":"publish","type":"post","link":"https:\/\/www.frankensicht.de\/?p=3590","title":{"rendered":"Deutschland verst\u00e4rkt Humanit\u00e4re Hilfe f\u00fcr syrische Fl\u00fcchtlinge"},"content":{"rendered":"<p><span style=\"color: #ff0000;\">Berlin:<\/span><\/p>\n<p>Deutschland erh\u00f6ht seine Humanit\u00e4re Hilfe f\u00fcr die Opfer des Syrien-Konflikts um weitere drei<br \/>\nMillionen Euro.<br \/>\nBundesau\u00dfenminister Guido Westerwelle erkl\u00e4rte dazu heute:<br \/>\n\u201eWir werden heute die humanit\u00e4re Hilfe f\u00fcr die Versorgung der Fl\u00fcchtlinge aus Syrien um weitere<br \/>\ndrei Millionen Euro aufstocken. Damit helfen wir Deutsche nun insgesamt mit 11 Millionen Euro.<\/p>\n<p><a href=\"https:\/\/www.frankensicht.de\/?attachment_id=3591\" rel=\"attachment wp-att-3591\"><img loading=\"lazy\" decoding=\"async\" class=\"alignnone size-full wp-image-3591\" title=\"150px-Flag_of_Syria.svg\" src=\"https:\/\/www.frankensicht.de\/wp-content\/uploads\/2012\/07\/150px-Flag_of_Syria.svg_.png\" alt=\"\" width=\"150\" height=\"100\" \/><\/a><\/p>\n<p>Wir m\u00fcssen davon ausgehen, dass eine Million Menschen in Syrien auf der Flucht sind. Weit mehr als<br \/>\n120.000 Syrer sind in die Nachbarl\u00e4nder geflohen. Diesen Menschen m\u00fcssen wir helfen, um eine<br \/>\nhumanit\u00e4re Katastrophe zu vermeiden.<\/p>\n<p>Unsere Hilfe umfasst Nahrungsmittel, medizinische Hilfe und Wasserversorgung, also Dinge, die<br \/>\nderzeit am n\u00f6tigsten gebraucht werden.\u201c<\/p>\n<p>Die heute zus\u00e4tzlich bereit gestellten Mittel aus dem Fonds des Ausw\u00e4rtigen Amts f\u00fcr Humanit\u00e4re<br \/>\nHilfe sind in gleichen Teilen f\u00fcr die Versorgung der syrischen Binnenfl\u00fcchtlinge sowie der<br \/>\nsyrischen Fl\u00fcchtlinge in Jordanien und Libanon vorgesehen.<br \/>\nIm Fl\u00fcchtlingslager Za&#8217;atari in Jordanien hat das Technische Hilfswerk die Einrichtung der<br \/>\nkompletten Wasserversorgung \u00fcbernommen.<br \/>\nDer deutsche Botschafter in Ankara, Eberhard Pohl, wird am Montag mit seinem franz\u00f6sischen<br \/>\nAmtskollegen Fl\u00fcchtlingslager im t\u00fcrkischen Grenzgebiet zu Syrien besuchen.<\/p>\n<p>Quelle: auswaertiges-amt.de<\/p>\n","protected":false},"excerpt":{"rendered":"<p>Berlin: Deutschland erh\u00f6ht seine Humanit\u00e4re Hilfe f\u00fcr die Opfer des Syrien-Konflikts um weitere drei Millionen Euro. Bundesau\u00dfenminister Guido Westerwelle erkl\u00e4rte dazu heute: \u201eWir werden heute die humanit\u00e4re Hilfe f\u00fcr die Versorgung der Fl\u00fcchtlinge aus Syrien um weitere drei Millionen Euro aufstocken. Damit helfen wir Deutsche nun insgesamt mit 11 Millionen Euro. Wir m\u00fcssen davon ausgehen, [&hellip;]<\/p>\n","protected":false},"author":7,"featured_media":0,"comment_status":"open","ping_status":"open","sticky":false,"template":"","format":"standard","meta":{"footnotes":""},"categories":[3,17],"tags":[534],"class_list":["post-3590","post","type-post","status-publish","format-standard","hentry","category-news","category-politik","tag-syrien"],"_links":{"self":[{"href":"https:\/\/www.frankensicht.de\/index.php?rest_route=\/wp\/v2\/posts\/3590","targetHints":{"allow":["GET"]}}],"collection":[{"href":"https:\/\/www.frankensicht.de\/index.php?rest_route=\/wp\/v2\/posts"}],"about":[{"href":"https:\/\/www.frankensicht.de\/index.php?rest_route=\/wp\/v2\/types\/post"}],"author":[{"embeddable":true,"href":"https:\/\/www.frankensicht.de\/index.php?rest_route=\/wp\/v2\/users\/7"}],"replies":[{"embeddable":true,"href":"https:\/\/www.frankensicht.de\/index.php?rest_route=%2Fwp%2Fv2%2Fcomments&post=3590"}],"version-history":[{"count":0,"href":"https:\/\/www.frankensicht.de\/index.php?rest_route=\/wp\/v2\/posts\/3590\/revisions"}],"wp:attachment":[{"href":"https:\/\/www.frankensicht.de\/index.php?rest_route=%2Fwp%2Fv2%2Fmedia&parent=3590"}],"wp:term":[{"taxonomy":"category","embeddable":true,"href":"https:\/\/www.frankensicht.de\/index.php?rest_route=%2Fwp%2Fv2%2Fcategories&post=3590"},{"taxonomy":"post_tag","embeddable":true,"href":"https:\/\/www.frankensicht.de\/index.php?rest_route=%2Fwp%2Fv2%2Ftags&post=3590"}],"curies":[{"name":"wp","href":"https:\/\/api.w.org\/{rel}","templated":true}]}}