{"id":3579,"date":"2012-07-29T10:29:13","date_gmt":"2012-07-29T08:29:13","guid":{"rendered":"http:\/\/www.frankensicht.de\/?p=3579"},"modified":"2012-07-29T10:29:13","modified_gmt":"2012-07-29T08:29:13","slug":"halbzeitbilanz-von-jugend-starken-aktiv-in-der-region-100-innovative-projekte-gestartet","status":"publish","type":"post","link":"https:\/\/www.frankensicht.de\/?p=3579","title":{"rendered":"Halbzeitbilanz von &#8222;JUGEND ST\u00c4RKEN: Aktiv in der Region&#8220;: 100 innovative Projekte gestartet"},"content":{"rendered":"<p><span style=\"color: #ff0000;\">Berlin:\u00a0<\/span><\/p>\n<p>Kristina Schr\u00f6der: &#8222;Wir unterst\u00fctzen Jugendliche auf ihrem Weg in den Beruf&#8220;<\/p>\n<p>Seit Oktober 2010 entwickeln bundesweit 35 St\u00e4dte und Landkreise im Rahmen des<br \/>\nModellprogramms &#8222;JUGEND ST\u00c4RKEN: Aktiv in der Region&#8220; ihre Angebote f\u00fcr junge<br \/>\nMenschen mit Startschwierigkeiten am \u00dcbergang von der Schule in die Arbeitswelt<br \/>\nsystematisch weiter. Mit Erfolg &#8211; wie die Halbzeitbilanz zeigt.<\/p>\n<p><a href=\"https:\/\/www.frankensicht.de\/?attachment_id=3580\" rel=\"attachment wp-att-3580\"><img loading=\"lazy\" decoding=\"async\" class=\"alignnone size-medium wp-image-3580\" title=\"P1010165\" src=\"https:\/\/www.frankensicht.de\/wp-content\/uploads\/2012\/07\/P1010165-300x225.jpg\" alt=\"\" width=\"300\" height=\"225\" srcset=\"https:\/\/www.frankensicht.de\/wp-content\/uploads\/2012\/07\/P1010165-300x225.jpg 300w, https:\/\/www.frankensicht.de\/wp-content\/uploads\/2012\/07\/P1010165.jpg 640w\" sizes=\"auto, (max-width: 300px) 100vw, 300px\" \/><\/a><\/p>\n<p>&#8222;Alle Modellkommunen sind auf einem sehr guten Weg. Bei ihrer Suche nach<br \/>\npassgenauen L\u00f6sungen und innovativen Konzepten beweisen sie viel Kreativit\u00e4t,<br \/>\nEngagement, und den n\u00f6tigen Mut, Neues auszuprobieren&#8220;, sagt die Bundesministerin<br \/>\nf\u00fcr Familie, Senioren, Frauen und Jugend, Kristina Schr\u00f6der. &#8222;Wichtig sind Hilfen<br \/>\naus einer Hand, denn sie sind der Schl\u00fcssel, um Br\u00fcche in der F\u00f6rderung junger<br \/>\nMenschen zu vermeiden. Wichtig ist au\u00dferdem, dass wir aktiv auf die Jugendlichen<br \/>\nzugehen, die von den g\u00e4ngigen Hilfesystemen nicht mehr erreicht werden&#8220;, so<br \/>\nKristina Schr\u00f6der.<\/p>\n<p>Unter dem Dach von &#8222;Aktiv in der Region&#8220; wurden seit Programmbeginn etwa<br \/>\n100 Projekte neu gestartet. Mehr als 2.500 junge Menschen konnten damit bislang<br \/>\nerreicht werden, mehr als 200 von ihnen schafften im Anschluss den Sprung in die<br \/>\nBesch\u00e4ftigung. Damit die neuen Angebote sich optimal vor Ort einf\u00fcgen, arbeiten<br \/>\ndie koordinierenden Jugend\u00e4mter eng mit anderen lokalen Einrichtungen wie<br \/>\nJobcentern, Agenturen f\u00fcr Arbeit, Schulen und Unternehmen zusammen.<\/p>\n<p>Die meisten Projekte setzen auf intensive sozialp\u00e4dagogische Begleitung. Neu<br \/>\ngeschaffene &#8222;Clearingstellen&#8220; sorgen an 20 Standorten erg\u00e4nzend f\u00fcr mehr<br \/>\nTransparenz und Orientierung. Die Jugendlichen finden hier offene Anlaufstellen,<br \/>\ndie sie zu geeigneten Unterst\u00fctzungsangeboten lotsen. F\u00fcr junge Menschen, die<br \/>\nnicht alleine den Weg in die Beratungsstelle finden, etwa obdachlose Jugendliche,<br \/>\nsind an 15 Standorten neue Angebote der aufsuchenden\/mobilen Beratung entstanden.<\/p>\n<p>Das Programm &#8222;JUGEND ST\u00c4RKEN: Aktiv in der Region&#8220; l\u00e4uft noch bis Ende 2013. Zur<br \/>\nProgramm-Halbzeit ver\u00f6ffentlicht das Bundesfamilienministerium eine Good<br \/>\nPractice-Brosch\u00fcre, die unter www.jugend-staerken.de\/159.html<br \/>\n&lt;http:\/\/www.jugend-staerken.de\/159.html&gt; zum Download bereitsteht.<\/p>\n<p>Quelle: bmf sfj.de<\/p>\n","protected":false},"excerpt":{"rendered":"<p>Berlin:\u00a0 Kristina Schr\u00f6der: &#8222;Wir unterst\u00fctzen Jugendliche auf ihrem Weg in den Beruf&#8220; Seit Oktober 2010 entwickeln bundesweit 35 St\u00e4dte und Landkreise im Rahmen des Modellprogramms &#8222;JUGEND ST\u00c4RKEN: Aktiv in der Region&#8220; ihre Angebote f\u00fcr junge Menschen mit Startschwierigkeiten am \u00dcbergang von der Schule in die Arbeitswelt systematisch weiter. Mit Erfolg &#8211; wie die Halbzeitbilanz zeigt. [&hellip;]<\/p>\n","protected":false},"author":7,"featured_media":3580,"comment_status":"open","ping_status":"open","sticky":false,"template":"","format":"standard","meta":{"footnotes":""},"categories":[44,3],"tags":[192],"class_list":["post-3579","post","type-post","status-publish","format-standard","has-post-thumbnail","hentry","category-deutschland-2","category-news","tag-jugend"],"_links":{"self":[{"href":"https:\/\/www.frankensicht.de\/index.php?rest_route=\/wp\/v2\/posts\/3579","targetHints":{"allow":["GET"]}}],"collection":[{"href":"https:\/\/www.frankensicht.de\/index.php?rest_route=\/wp\/v2\/posts"}],"about":[{"href":"https:\/\/www.frankensicht.de\/index.php?rest_route=\/wp\/v2\/types\/post"}],"author":[{"embeddable":true,"href":"https:\/\/www.frankensicht.de\/index.php?rest_route=\/wp\/v2\/users\/7"}],"replies":[{"embeddable":true,"href":"https:\/\/www.frankensicht.de\/index.php?rest_route=%2Fwp%2Fv2%2Fcomments&post=3579"}],"version-history":[{"count":0,"href":"https:\/\/www.frankensicht.de\/index.php?rest_route=\/wp\/v2\/posts\/3579\/revisions"}],"wp:featuredmedia":[{"embeddable":true,"href":"https:\/\/www.frankensicht.de\/index.php?rest_route=\/wp\/v2\/media\/3580"}],"wp:attachment":[{"href":"https:\/\/www.frankensicht.de\/index.php?rest_route=%2Fwp%2Fv2%2Fmedia&parent=3579"}],"wp:term":[{"taxonomy":"category","embeddable":true,"href":"https:\/\/www.frankensicht.de\/index.php?rest_route=%2Fwp%2Fv2%2Fcategories&post=3579"},{"taxonomy":"post_tag","embeddable":true,"href":"https:\/\/www.frankensicht.de\/index.php?rest_route=%2Fwp%2Fv2%2Ftags&post=3579"}],"curies":[{"name":"wp","href":"https:\/\/api.w.org\/{rel}","templated":true}]}}