{"id":3499,"date":"2012-07-22T08:22:38","date_gmt":"2012-07-22T06:22:38","guid":{"rendered":"http:\/\/www.frankensicht.de\/?p=3499"},"modified":"2012-07-22T08:22:38","modified_gmt":"2012-07-22T06:22:38","slug":"staatsministerin-pieper-begrust-schirmherrschaft-des-bundesprasidenten-uber-deutsches-auslandsschulwesen","status":"publish","type":"post","link":"https:\/\/www.frankensicht.de\/?p=3499","title":{"rendered":"Staatsministerin Pieper begr\u00fc\u00dft Schirmherrschaft des Bundespr\u00e4sidenten \u00fcber Deutsches  Auslandsschulwesen"},"content":{"rendered":"<p><span style=\"color: #ff0000;\">Berlin:<\/span><\/p>\n<p>Zur Entscheidung des Bundespr\u00e4sidenten, die Schirmherrschaft \u00fcber das Deutsche Auslandsschulwesen<br \/>\nzu \u00fcbernehmen, erkl\u00e4rte Staatsministerin Cornelia Pieper heute (20.07.) in Berlin:<br \/>\n\u201eIch freue mich, dass sich Bundespr\u00e4sident Gauck entschlossen hat, die Schirmherrschaft \u00fcber das<br \/>\nDeutsche Auslandsschulwesen sowie \u00fcber die Weltkongresse der Deutschen Auslandsschulen zu<br \/>\n\u00fcbernehmen. Der Bundespr\u00e4sident wertet mit dieser Entscheidung die f\u00fcr unser Land sehr wichtige<br \/>\nArbeit und das hohe Engagement aller beteiligten Akteure f\u00fcr das deutsche Auslandsschulwesen auf.\u201c<br \/>\nZum 2. Internationalen Bildungsfest des Ausw\u00e4rtigen Amts, das am 13.09.2012 in Berlin zum Thema<br \/>\n\u201eDemographie und Fachkr\u00e4ftesicherung\u201c stattfinden wird, erg\u00e4nzte sie:<br \/>\n\u201eMit den seit 2011 ins Leben gerufenen Internationalen Bildungsfesten wollen wir die Qualit\u00e4t der<br \/>\nArbeit der Deutschen Auslandsschulen als Leuchtt\u00fcrme des Deutschen Bildungssystems im Ausland,<br \/>\nTr\u00e4ger von Zukunftskompetenzen und Br\u00fcckenbauer f\u00fcr ausl\u00e4ndische Fachkr\u00e4fte nach Deutschland<br \/>\nsichtbar machen.\u201c<\/p>\n<p><a href=\"https:\/\/www.frankensicht.de\/?attachment_id=3500\" rel=\"attachment wp-att-3500\"><img loading=\"lazy\" decoding=\"async\" class=\"alignnone size-medium wp-image-3500\" title=\"gauck-wicki\" src=\"https:\/\/www.frankensicht.de\/wp-content\/uploads\/2012\/07\/gauck-wicki-191x300.jpg\" alt=\"\" width=\"191\" height=\"300\" \/>@<\/a>wikipedia.org<\/p>\n<p>&nbsp;<\/p>\n<p>Weitere Informationen:<br \/>\nDeutsche Auslandsschulen haben eine lange Tradition. Heute bestehen 140 Deutsche Auslandsschulen<br \/>\nauf f\u00fcnf Kontinenten in \u00f6ffentlich-privater Partnerschaft. Sie werden von privat organisierten<br \/>\nSchulvereinen getragen. Die Auslandsschulen versorgen nicht nur deutsche Kinder im Ausland<br \/>\nschulisch. 80% der Sch\u00fclerinnen und Sch\u00fcler haben eine andere als die deutsche Staatsangeh\u00f6rigkeit.<br \/>\nDiese Schulen tragen ma\u00dfgeblich zu einem positiven Deutschlandbild bei und leisten einen wichtigen<br \/>\nBeitrag bei der Vermittlung deutscher Sprachkenntnisse im Ausland.<br \/>\nDas Auslandsschulwesen wird vom Ausw\u00e4rtigen Amt finanziell und personell \u00fcber die Zentralstelle f\u00fcr<br \/>\ndas Auslandsschulwesen (ZfA) gef\u00f6rdert und in enger Zusammenarbeit mit den Bundesl\u00e4ndern fachlich<br \/>\ngetragen. Neben den 140 Deutschen Auslandsschulen bietet Deutschland an 870 Schulen in aller Welt<br \/>\ndas \u201eDeutsche Sprachdiplom der Kultusministerkonferenz\u201c (DSD) an, das seinen Absolventen den<br \/>\nsprachlichen Weg an eine deutsche Hochschule bzw. an ein deutsches Studienkolleg er\u00f6ffnet. Das Netz<br \/>\nder deutschen Auslandsschulen z\u00e4hlt derzeit ca. 80.000 Sch\u00fcler. An den DSD-Schulen lernen derzeit<br \/>\nca. 320.000 Sch\u00fcler deutsch. Dar\u00fcber hinaus bestehen derzeit 520 sogenannte Fit-Schulen mit \u00fcber<br \/>\n150.000 Sch\u00fclern, an denen das Goethe-Institut den nationalen Deutschunterricht unterst\u00fctzt.<br \/>\nDie Weltkongresse der Deutschen Auslandsschulen werden im Vierjahresabstand gemeinsam vom<br \/>\nWeltverband Deutscher Auslandsschulen (WDA -der Dachorganisation der privaten Schultr\u00e4ger der<br \/>\nDeutschen Auslandsschulen) sowie von der Zentralstelle f\u00fcr das Auslandsschulwesen (ZfA)<br \/>\ndurchgef\u00fchrt und vom Ausw\u00e4rtigen Amt unterst\u00fctzt. Der letzte Kongress fand 2010 in Shanghai statt.<br \/>\nDer n\u00e4chste Kongress ist f\u00fcr 2014 in Berlin vorgesehen.<br \/>\nDas 1. Bildungsfest fand am 8.9.2011 statt und befasste sich schwerpunktm\u00e4\u00dfig mit dem Thema<br \/>\n\u201cInnovation und Exzellenz an deutschen Auslandsschulen\u201c.<\/p>\n<p>Quelle: auswaertiges-amt.de<\/p>\n","protected":false},"excerpt":{"rendered":"<p>Berlin: Zur Entscheidung des Bundespr\u00e4sidenten, die Schirmherrschaft \u00fcber das Deutsche Auslandsschulwesen zu \u00fcbernehmen, erkl\u00e4rte Staatsministerin Cornelia Pieper heute (20.07.) in Berlin: \u201eIch freue mich, dass sich Bundespr\u00e4sident Gauck entschlossen hat, die Schirmherrschaft \u00fcber das Deutsche Auslandsschulwesen sowie \u00fcber die Weltkongresse der Deutschen Auslandsschulen zu \u00fcbernehmen. Der Bundespr\u00e4sident wertet mit dieser Entscheidung die f\u00fcr unser Land [&hellip;]<\/p>\n","protected":false},"author":7,"featured_media":0,"comment_status":"open","ping_status":"open","sticky":false,"template":"","format":"standard","meta":{"footnotes":""},"categories":[3,17],"tags":[797],"class_list":["post-3499","post","type-post","status-publish","format-standard","hentry","category-news","category-politik","tag-schirmherrschaft-gauck"],"_links":{"self":[{"href":"https:\/\/www.frankensicht.de\/index.php?rest_route=\/wp\/v2\/posts\/3499","targetHints":{"allow":["GET"]}}],"collection":[{"href":"https:\/\/www.frankensicht.de\/index.php?rest_route=\/wp\/v2\/posts"}],"about":[{"href":"https:\/\/www.frankensicht.de\/index.php?rest_route=\/wp\/v2\/types\/post"}],"author":[{"embeddable":true,"href":"https:\/\/www.frankensicht.de\/index.php?rest_route=\/wp\/v2\/users\/7"}],"replies":[{"embeddable":true,"href":"https:\/\/www.frankensicht.de\/index.php?rest_route=%2Fwp%2Fv2%2Fcomments&post=3499"}],"version-history":[{"count":0,"href":"https:\/\/www.frankensicht.de\/index.php?rest_route=\/wp\/v2\/posts\/3499\/revisions"}],"wp:attachment":[{"href":"https:\/\/www.frankensicht.de\/index.php?rest_route=%2Fwp%2Fv2%2Fmedia&parent=3499"}],"wp:term":[{"taxonomy":"category","embeddable":true,"href":"https:\/\/www.frankensicht.de\/index.php?rest_route=%2Fwp%2Fv2%2Fcategories&post=3499"},{"taxonomy":"post_tag","embeddable":true,"href":"https:\/\/www.frankensicht.de\/index.php?rest_route=%2Fwp%2Fv2%2Ftags&post=3499"}],"curies":[{"name":"wp","href":"https:\/\/api.w.org\/{rel}","templated":true}]}}