{"id":3476,"date":"2012-07-20T17:03:52","date_gmt":"2012-07-20T15:03:52","guid":{"rendered":"http:\/\/www.frankensicht.de\/?p=3476"},"modified":"2012-07-20T17:03:52","modified_gmt":"2012-07-20T15:03:52","slug":"startschuss-fur-den-supermuc","status":"publish","type":"post","link":"https:\/\/www.frankensicht.de\/?p=3476","title":{"rendered":"Startschuss f\u00fcr den SuperMUC"},"content":{"rendered":"<p><span style=\"color: #ff0000;\">Garching:<\/span><\/p>\n<blockquote class=\"pcgcteaser\">\n<div>Bundesforschungsministerin Schavan und Wissenschaftsminister Heubisch nehmen schnellsten Rechner Europas in Betrieb \/ Leibniz-Rechenzentrum feiert 50. Geburtstag<\/div>\n<\/blockquote>\n<p>Das Leibniz-Rechenzentrum der Bayerischen Akademie der Wissenschaften (LRZ) begeht seinen 50. Geburtstag mit einem besonderen Ereignis: Bei einem Festakt in Garching bei M\u00fcnchen nahmen heute Bundesforschungsministerin Annette Schavan und der bayerische Wissenschaftsminister Wolfgang Heubisch den derzeit leistungsst\u00e4rksten Supercomputer Europas in Betrieb. Der &#8222;SuperMUC&#8220; genannte Rechner der Firma IBM schafft drei Billiarden Rechenoperationen in der Sekunde (3 Petaflops) und steht damit in der weltweiten Rangliste auf Platz vier nach Systemen in den USA und in Japan. Dank einer neuartigen K\u00fchltechnik mit warmem Wasser geh\u00f6rt er zu den energieeffizientesten Anlagen seiner Art. Das LRZ und IBM rechnen mit einer Energieeinsparung von bis zu 40% gegen\u00fcber herk\u00f6mmlichen Systemen.<\/p>\n<p><a href=\"https:\/\/www.frankensicht.de\/?attachment_id=3481\" rel=\"attachment wp-att-3481\"><img loading=\"lazy\" decoding=\"async\" class=\"alignnone size-medium wp-image-3481\" title=\"computer\" src=\"https:\/\/www.frankensicht.de\/wp-content\/uploads\/2012\/07\/computer-300x225.jpg\" alt=\"\" width=\"300\" height=\"225\" srcset=\"https:\/\/www.frankensicht.de\/wp-content\/uploads\/2012\/07\/computer-300x225.jpg 300w, https:\/\/www.frankensicht.de\/wp-content\/uploads\/2012\/07\/computer.jpg 500w\" sizes=\"auto, (max-width: 300px) 100vw, 300px\" \/><\/a><\/p>\n<p>&#8222;Der SuperMUC ist nicht nur besonders schnell und energieeffizient, sondern auch extrem vielseitig einsetzbar. Er ist der dritte deutsche H\u00f6chstleistungsrechner, den europ\u00e4ische Anwender aus Wissenschaft und Industrie nun nutzen k\u00f6nnen. Damit ist das deutsche Supercomputing-Netzwerk europaweit Spitze&#8220;, sagte Schavan bei der \u00dcbergabe des SuperMUC. Wissenschaftsminister Heubisch erg\u00e4nzte: &#8222;Das LRZ hat in den vergangenen 50 Jahren viel zur Entwicklung M\u00fcnchens zu einem f\u00fchrenden Standort der Informationstechnik beigetragen. SuperMUC und das am LRZ neu eingerichtete Zentrum f\u00fcr Virtuelle Realit\u00e4t werden dem wissenschaftlichen Rechnen weiteren Schub verleihen.&#8220; Die Kosten in H\u00f6he von rund 135 Millionen Euro f\u00fcr Beschaffung und Betrieb des H\u00f6chstleistungsrechners in den n\u00e4chsten Jahren teilen sich Bund und Freistaat Bayern je zur H\u00e4lfte.<\/p>\n<p>Das Leibniz-Rechenzentrum wurde 1962 unter dem Dach der Bayerischen Akademie der Wissenschaften gegr\u00fcndet. Heute ist das LRZ Dienstleister und IT-Kompetenzzentrum f\u00fcr 120.000 Wissenschaftler und Studierende der M\u00fcnchner Hochschulen und f\u00fcr wissenschaftliche Einrichtungen in ganz Bayern. Zusammen mit Partnerzentren in J\u00fclich und Stuttgart bildet es seit 2007 das nationale &#8222;Gauss Centre for Supercomputing&#8220; (GCS) und geh\u00f6rt dem europ\u00e4ischen Supercomputer-Netzwerk &#8222;Partnership for Advanced Computing in Europe&#8220; (PRACE) an. Die Kapazit\u00e4ten des H\u00f6chstleistungsrechners werden in einem strengen wissenschaftlichen Begutachtungsverfahren an besonders qualifizierte Projekte vergeben. Dazu geh\u00f6ren unter anderem ein Strukturmodell des Erdinneren, mit dessen Hilfe Erdbebenrisiken besser abgesch\u00e4tzt werden k\u00f6nnen; ein Computermodell der menschlichen Lunge, das k\u00fcnftig schonendere medizinische Behandlungen erm\u00f6glicht und ein &#8222;fliegendes Teleskop&#8220;, das einen teuren Satellitten<br \/>\n\u00fcberfl\u00fcssig macht<\/p>\n<p>Quelle: bmbf.de<\/p>\n<p>&nbsp;<\/p>\n<p>&nbsp;<\/p>\n","protected":false},"excerpt":{"rendered":"<p>Garching: Bundesforschungsministerin Schavan und Wissenschaftsminister Heubisch nehmen schnellsten Rechner Europas in Betrieb \/ Leibniz-Rechenzentrum feiert 50. Geburtstag Das Leibniz-Rechenzentrum der Bayerischen Akademie der Wissenschaften (LRZ) begeht seinen 50. Geburtstag mit einem besonderen Ereignis: Bei einem Festakt in Garching bei M\u00fcnchen nahmen heute Bundesforschungsministerin Annette Schavan und der bayerische Wissenschaftsminister Wolfgang Heubisch den derzeit leistungsst\u00e4rksten Supercomputer [&hellip;]<\/p>\n","protected":false},"author":7,"featured_media":3481,"comment_status":"open","ping_status":"open","sticky":false,"template":"","format":"standard","meta":{"footnotes":""},"categories":[3,334],"tags":[790],"class_list":["post-3476","post","type-post","status-publish","format-standard","has-post-thumbnail","hentry","category-news","category-wissenschaft","tag-supermuc"],"_links":{"self":[{"href":"https:\/\/www.frankensicht.de\/index.php?rest_route=\/wp\/v2\/posts\/3476","targetHints":{"allow":["GET"]}}],"collection":[{"href":"https:\/\/www.frankensicht.de\/index.php?rest_route=\/wp\/v2\/posts"}],"about":[{"href":"https:\/\/www.frankensicht.de\/index.php?rest_route=\/wp\/v2\/types\/post"}],"author":[{"embeddable":true,"href":"https:\/\/www.frankensicht.de\/index.php?rest_route=\/wp\/v2\/users\/7"}],"replies":[{"embeddable":true,"href":"https:\/\/www.frankensicht.de\/index.php?rest_route=%2Fwp%2Fv2%2Fcomments&post=3476"}],"version-history":[{"count":0,"href":"https:\/\/www.frankensicht.de\/index.php?rest_route=\/wp\/v2\/posts\/3476\/revisions"}],"wp:featuredmedia":[{"embeddable":true,"href":"https:\/\/www.frankensicht.de\/index.php?rest_route=\/wp\/v2\/media\/3481"}],"wp:attachment":[{"href":"https:\/\/www.frankensicht.de\/index.php?rest_route=%2Fwp%2Fv2%2Fmedia&parent=3476"}],"wp:term":[{"taxonomy":"category","embeddable":true,"href":"https:\/\/www.frankensicht.de\/index.php?rest_route=%2Fwp%2Fv2%2Fcategories&post=3476"},{"taxonomy":"post_tag","embeddable":true,"href":"https:\/\/www.frankensicht.de\/index.php?rest_route=%2Fwp%2Fv2%2Ftags&post=3476"}],"curies":[{"name":"wp","href":"https:\/\/api.w.org\/{rel}","templated":true}]}}