{"id":3408,"date":"2012-07-17T08:08:56","date_gmt":"2012-07-17T06:08:56","guid":{"rendered":"http:\/\/www.frankensicht.de\/?p=3408"},"modified":"2012-07-17T08:08:56","modified_gmt":"2012-07-17T06:08:56","slug":"vier-sterne-fur-die-erlanger-stadtbibliothek","status":"publish","type":"post","link":"https:\/\/www.frankensicht.de\/?p=3408","title":{"rendered":"\u201eVier Sterne\u201c f\u00fcr die Erlanger Stadtbibliothek"},"content":{"rendered":"<p><span style=\"color: #ff0000;\">Erlangen:<\/span><br \/>\nDie Erlanger Stadtbibliothek hat bei einem bundesweiten Leistungsvergleich des sog. Bibliotheksindex (BIX) die \u201eGold-Gruppe\u201c unter den Gro\u00dfst\u00e4dten erreicht. Der BIX ist ein Projekt des Deutschen Bibliotheksverbandes und der BertelsmannStiftung. Gepr\u00fcft wurden Angebote, Nutzung, Effizienz und Entwicklungspotenzial. Bei Besuchern bzw. Ausleihungen pro Einwohner ist die im B\u00fcrgerpalais Stutterheim beheimatete kommunale B\u00fccherei laut Aussage der BIX-Verantwortlichen \u201espitze\u201c. Lediglich im Bereich \u00d6ffnungszeiten und Fortbildungsquote gebe es noch Handlungsbedarf, sagte die Leiterin der Stadtbibliothek, Anne Grimmer. Innovative Angebote wie die Onleihe erweitern deshalb zumindest virtuell die Zeiten, zu denen Medien ausgeliehen werden k\u00f6nnen, auf 24 Stunden. \u201eUm zukunftsf\u00e4hig zu bleiben, m\u00fcssen die Internetangebote ausgebaut werden\u201c, sagte Grimmer.<\/p>\n<p>Quelle: erlangen.de<\/p>\n<p><a href=\"https:\/\/www.frankensicht.de\/?attachment_id=3409\" rel=\"attachment wp-att-3409\"><img loading=\"lazy\" decoding=\"async\" class=\"alignnone size-medium wp-image-3409\" title=\"buch2\" src=\"https:\/\/www.frankensicht.de\/wp-content\/uploads\/2012\/07\/buch2-300x225.jpg\" alt=\"\" width=\"300\" height=\"225\" srcset=\"https:\/\/www.frankensicht.de\/wp-content\/uploads\/2012\/07\/buch2-300x225.jpg 300w, https:\/\/www.frankensicht.de\/wp-content\/uploads\/2012\/07\/buch2.jpg 640w\" sizes=\"auto, (max-width: 300px) 100vw, 300px\" \/><\/a><\/p>\n<p>&nbsp;<\/p>\n","protected":false},"excerpt":{"rendered":"<p>Erlangen: Die Erlanger Stadtbibliothek hat bei einem bundesweiten Leistungsvergleich des sog. Bibliotheksindex (BIX) die \u201eGold-Gruppe\u201c unter den Gro\u00dfst\u00e4dten erreicht. Der BIX ist ein Projekt des Deutschen Bibliotheksverbandes und der BertelsmannStiftung. Gepr\u00fcft wurden Angebote, Nutzung, Effizienz und Entwicklungspotenzial. Bei Besuchern bzw. Ausleihungen pro Einwohner ist die im B\u00fcrgerpalais Stutterheim beheimatete kommunale B\u00fccherei laut Aussage der BIX-Verantwortlichen [&hellip;]<\/p>\n","protected":false},"author":7,"featured_media":3409,"comment_status":"open","ping_status":"open","sticky":false,"template":"","format":"standard","meta":{"footnotes":""},"categories":[111,71,85],"tags":[774],"class_list":["post-3408","post","type-post","status-publish","format-standard","has-post-thumbnail","hentry","category-erlangen-mittelfranken","category-menue","category-mittelfranken","tag-erlangen-bibliothek"],"_links":{"self":[{"href":"https:\/\/www.frankensicht.de\/index.php?rest_route=\/wp\/v2\/posts\/3408","targetHints":{"allow":["GET"]}}],"collection":[{"href":"https:\/\/www.frankensicht.de\/index.php?rest_route=\/wp\/v2\/posts"}],"about":[{"href":"https:\/\/www.frankensicht.de\/index.php?rest_route=\/wp\/v2\/types\/post"}],"author":[{"embeddable":true,"href":"https:\/\/www.frankensicht.de\/index.php?rest_route=\/wp\/v2\/users\/7"}],"replies":[{"embeddable":true,"href":"https:\/\/www.frankensicht.de\/index.php?rest_route=%2Fwp%2Fv2%2Fcomments&post=3408"}],"version-history":[{"count":0,"href":"https:\/\/www.frankensicht.de\/index.php?rest_route=\/wp\/v2\/posts\/3408\/revisions"}],"wp:featuredmedia":[{"embeddable":true,"href":"https:\/\/www.frankensicht.de\/index.php?rest_route=\/wp\/v2\/media\/3409"}],"wp:attachment":[{"href":"https:\/\/www.frankensicht.de\/index.php?rest_route=%2Fwp%2Fv2%2Fmedia&parent=3408"}],"wp:term":[{"taxonomy":"category","embeddable":true,"href":"https:\/\/www.frankensicht.de\/index.php?rest_route=%2Fwp%2Fv2%2Fcategories&post=3408"},{"taxonomy":"post_tag","embeddable":true,"href":"https:\/\/www.frankensicht.de\/index.php?rest_route=%2Fwp%2Fv2%2Ftags&post=3408"}],"curies":[{"name":"wp","href":"https:\/\/api.w.org\/{rel}","templated":true}]}}