{"id":3371,"date":"2012-07-13T10:15:32","date_gmt":"2012-07-13T08:15:32","guid":{"rendered":"http:\/\/www.frankensicht.de\/?p=3371"},"modified":"2012-07-13T10:15:32","modified_gmt":"2012-07-13T08:15:32","slug":"kulturfonds-bayern-2012-im-bereich-unterricht-und-kultus-werden-15-projekte-gefordert","status":"publish","type":"post","link":"https:\/\/www.frankensicht.de\/?p=3371","title":{"rendered":"Kulturfonds Bayern 2012: Im Bereich Unterricht und Kultus werden 15 Projekte gef\u00f6rdert"},"content":{"rendered":"<p><span style=\"color: #ff0000;\">M\u00fcnchen:<\/span><\/p>\n<p>Vorlage des Kultusministeriums im Landtag beschlossen &#8211; F\u00f6rdersumme liegt insgesamt bei rund 480.000 Euro &#8211; Unterst\u00fctzung f\u00fcr Jugendarbeit, Erwachsenenbildung, kirchliche Bildungsarbeit und internationalen Ideenaustausch.<br \/>\n<a href=\"https:\/\/www.frankensicht.de\/?attachment_id=3372\" rel=\"attachment wp-att-3372\"><img loading=\"lazy\" decoding=\"async\" class=\"alignnone size-medium wp-image-3372\" title=\"foerderung\" src=\"https:\/\/www.frankensicht.de\/wp-content\/uploads\/2012\/07\/foerderung-300x187.jpg\" alt=\"\" width=\"300\" height=\"187\" srcset=\"https:\/\/www.frankensicht.de\/wp-content\/uploads\/2012\/07\/foerderung-300x187.jpg 300w, https:\/\/www.frankensicht.de\/wp-content\/uploads\/2012\/07\/foerderung.jpg 640w\" sizes=\"auto, (max-width: 300px) 100vw, 300px\" \/><\/a>Das Bayerische Kultusministerium hat nach Beschluss des Haushaltsausschusses des Bayerischen Landtags den F\u00f6rderprojekten des Kulturfonds Bayern 2012 die Zusage erteilt. Im aktuellen Jahr werden insgesamt 15 Projekte mit einer Gesamtsumme von rund 480.000 Euro gef\u00f6rdert. Die Projekte reichen von der Jugendarbeit \u00fcber die Erwachsenenbildung und die kirchliche Bildungsarbeit bis hin zum internationalen Ideenaustausch. Der Kulturfonds Bayern erm\u00f6glicht es, insbesondere Akzente zur Verbesserung der regionalen und kulturellen Vielfalt im Freistaat Bayern zu setzen. Die ausgew\u00e4hlten Projekte m\u00fcssen nachhaltig angelegt und fest in der jeweiligen Region verankert sein.<br \/>\nDer Kulturfonds Bayern wurde 1996 als Bestandteil der Offensive Zukunft Bayern eingerichtet. Seit seiner Schaffung war eine Unterst\u00fctzung vor allem solcher Projekte m\u00f6glich, f\u00fcr die andere F\u00f6rderm\u00f6glichkeiten nicht oder nicht in ausreichendem Ma\u00dfe bestehen. Insgesamt hat sich deutlich gezeigt, dass der Kulturfonds vor allem im Bereich &#8222;Unterricht und Kultus&#8220; wichtige Impulse geben kann, dass sich Schulen, Sch\u00fclerinnen und Sch\u00fcler, Bildungstr\u00e4ger und Institutionen vor Ort zusammensetzen und f\u00fcr das Schulleben und die kulturelle Pr\u00e4gung der Region wichtige gemeinsame Aktivit\u00e4ten planen und verwirklichen.<\/p>\n<p>In folgenden Regionen werden Projekte gef\u00f6rdert: Kaufbeuren, M\u00fcnchen, Regensburg, Landshut, Erlangen, Fichtelgebirge, Kehlheim, Augsburg, Plattling.<\/p>\n<p>Die 15 im Kulturfonds Bayern 2012 gef\u00f6rderten Projekte:<\/p>\n<p>1. &#8222;Bildungsportal Bayern&#8220;<br \/>\nInhalt des Projekts ist die bayernweite und tr\u00e4ger\u00fcbergreifende Anbindung und Nutzung eines Bildungs- und Beratungsportals in mindestens 60 Regionen Bayerns auf der Basis des bereits bestehenden Internet-Systems im Landkreis Ostallg\u00e4u und der Kreisfreien Stadt Kaufbeuren.<br \/>\nDas Projekt startete im September 2011. F\u00fcr das zweite Jahr wird das Projekt mit 84.400 EUR unterst\u00fctzt.<\/p>\n<p>2. &#8222;\u00d6ffentliche KulturKirchenKonferenz: GASTSPIEL_Kunst und Kirche&#8220;<br \/>\nMit dem Projekt &#8222;GASTSPIEL_Kunst und Kirche&#8220; will die Evangelische Stadtakademie M\u00fcnchen mit Vortr\u00e4gen, Diskussionen und k\u00fcnstlerischen Beitr\u00e4gen in einer dreit\u00e4gigen Veranstaltung das vielf\u00e4ltige Zusammenspiel von Kirche und Gegenwartskunst ausloten. Als &#8222;Gastland&#8220; fungiert Norwegen, das mit seinem Programm der &#8222;Cultural Advisors&#8220; f\u00fcr Kirchen fr\u00fchzeitig Strukturen geschaffen hat.<br \/>\nF\u00fcr das Projekt werden 4.800 EUR als Zuschuss gew\u00e4hrt.<\/p>\n<p>3. &#8222;Kultur aneignen und vermitteln &#8211; Ausbildung von ehrenamtlichen Kulturscouts&#8220;<br \/>\nDie Katholische Erwachsenenbildung (KEB) im Landkreis Regensburg verzahnt in ihrem Projekt Kultur- mit Ehrenamtsarbeit. Durch die Ausbildung von &#8222;Kulturscouts&#8220;, die als Multiplikatoren t\u00e4tig werden sollen, wird von diesem Projekt nicht nur eine dauerhafte Wirkung ausgehen, sondern auch b\u00fcrgerschaftliches Engagement gef\u00f6rdert und aktiv an der Bewusstseinsbildung f\u00fcr die eigene kulturelle Herkunft gearbeitet.<br \/>\nF\u00fcr das Projekt werden 5.700 EUR als Zuschuss gew\u00e4hrt.<\/p>\n<p>4. &#8222;Lernen und Arbeiten&#8220;<br \/>\nMit dem Projekt des Evangelischen Bildungswerks Landshut e.V. sollen Langzeitarbeitslose die Chance bekommen, sich aus ihrer Isolation zu befreien. Durch die St\u00e4rkung ihrer Person soll erm\u00f6glicht werden, dass sich die Teilnehmenden nach der Kursphase weiteren berufsorientierten Ma\u00dfnahmen zuwenden.<br \/>\nF\u00fcr das Projekt werden 12.300 EUR als Zuschuss gew\u00e4hrt.<\/p>\n<p>5. &#8222;Einstieg, Umstieg, Aufstieg&#8220;<br \/>\nDie Gleichberechtigung der Frauen im Beruf will der Katholische Deutsche Frauenbund in der Di\u00f6zese Regensburg f\u00f6rdern. Mit einem Mentoringprogramm will der Verband Frauen nach einer Familienphase beim Wiedereinstieg in die Arbeitswelt begleiten und damit einen Beitrag zur \u00dcberwindung des sog. &#8222;Gender Pay Gap&#8220; leisten.<br \/>\nF\u00fcr das zweite Jahr des Projekts werden 13.800 EUR als Zuschuss gew\u00e4hrt.<\/p>\n<p>6. &#8222;Computer auf dem Land &#8211; Mobile Softwareschulungen f\u00fcr Menschen ab 50&#8220;<br \/>\nUnter dem Titel &#8222;Computer auf dem Land&#8220; will das Evangelische Bildungswerk Landshut e.V. die Menschen in der l\u00e4ndlichen Region in Niederbayern, die nicht mobil sind, dabei unterst\u00fctzen, sich Kompetenzen in Software anzueignen. Zielgruppe sind u.a. \u00e4ltere Menschen vom Lande.<br \/>\nF\u00fcr das zweite Jahr des Projekts werden 8.800 EUR als Zuschuss gew\u00e4hrt.<\/p>\n<p>7. &#8222;New Generation 60 plus und die regionale Bildungsarbeit&#8220;<br \/>\nMit dem Projekt soll herausgefunden werden, ob und unter welchen Voraussetzungen sich die Generation der \u00fcber 60-J\u00e4hrigen f\u00fcr eine ehrenamtliche T\u00e4tigkeit in der Erwachsenenbildung bzw. der kirchlichen Gemeindearbeit gewinnen l\u00e4sst. Dazu soll an einem konkreten Ort, n\u00e4mlich im Dekanat Erlangen, zun\u00e4chst die soziologische Struktur sowie das Bildungs- und Freizeitverhalten dieses Personenkreises analysiert werden. In einem zweiten Schritt wird nach M\u00f6glichkeiten gesucht, interessierte Personen in das (kirchliche) Gemeindeleben zu integrieren.<br \/>\nF\u00fcr das Projekt werden 6.500 EUR als Zuschuss gew\u00e4hrt.<\/p>\n<p>8. &#8222;Kulturraum Fichtelgebirge &#8211; Miteinander in Bewegung&#8220;<br \/>\nDas Projekt &#8222;Kulturraum Fichtelgebirge: Miteinander in Bewegung&#8220; will durch ein breit gef\u00e4chertes, differenziertes kulturelles und erwachsenenbildnerisches Angebot in und um den neuen Fichtelgebirgskulturraum das kulturelle Spektrum in der Stadt Bad Berneck und der Region Fichtelgebirge deutlich und nachhaltig erweitern.<br \/>\nF\u00fcr das Projekt werden 26.300 EUR als Zuschuss gew\u00e4hrt.<\/p>\n<p>9. &#8222;Deutsch-T\u00fcrkische Sprachanimationstrainings&#8220;<br \/>\nDas innovative Projekt des Bayerischen Jugendrings leistet neben der Erh\u00f6hung der interkulturellen Kompetenz der Teilnehmer auch einen wichtigen Beitrag zur Verbesserung des Verh\u00e4ltnisses zwischen den deutsch- und t\u00fcrkischst\u00e4mmigen Bev\u00f6lkerungsgruppen im Lande. Haupts\u00e4chlicher Projektinhalt ist die Durchf\u00fchrung von Deutsch-T\u00fcrkischen Sprachanimationstrainings, die auf gegenseitigen Jugendbegegnungen durchgef\u00fchrt werden sollen. In Zusammenarbeit des Bayerischen Jugendrings mit seinen t\u00fcrkischen Partnerorganisationen werden diese zehn Sprachtrainings sowohl in der T\u00fcrkei als auch in Bayern angeboten.<br \/>\nDer Kulturfonds bezuschusst dieses Projekt f\u00fcr das Kulturfondsjahr 2012 mit 74.500 EUR.<\/p>\n<p>10. &#8222;ART-IST-Leutelt&#8220;<br \/>\nDas soziokulturelle Projekt der Stadt Kaufbeuren in Zusammenarbeit mit dem Verein Anam Cara e.V. f\u00fcr die Ganztagsbetreuung von Schulkindern insbesondere mit Migrationshintergrund umfasst die Bereiche Artistik, Akrobatik, Jonglage, Spiel, Zirkus, Bewegung, Musik, Theater, Tanz, Variete, Kultur und Handwerk. Das Projekt verfolgt 5 wesentliche Leitziele: Schaffung eines p\u00e4dagogischen kulturspezifischen Angebots, Sensibilisierung der Schulgemeinschaft, Entwicklung einer neuen Lernkultur, Heranf\u00fchrung an Initiativen des lokalen Wohnumfeldes, F\u00f6rderung der Integration.<br \/>\nDer Kulturfonds bezuschusst das Projekt mit 13.000 EUR.<\/p>\n<p>11. &#8222;Sch\u00fcler-Stadt-Comic&#8220;<br \/>\nIm Juni 2012 veranstaltete die Stadt Erlangen den 15. Internationalen Comic-Salon Erlangen. Dieses Gro\u00dfereignis steht im zweij\u00e4hrigen Turnus f\u00fcr das wichtigste Festival f\u00fcr grafische Literatur im deutschsprachigen Raum und hat einen gro\u00dfen Anteil daran, dass der Comic inzwischen auch in Deutschland als Kunstform anerkannt ist. Im Jahr 2012 soll im Vorfeld, w\u00e4hrend des Festivals, sowie im Nachgang mit &#8222;SCH\u00dcLER &#8211; STADT &#8211; COMIC&#8220; erstmals ein kulturp\u00e4dagogisches Kooperationsprojekt mit Erlanger Schulen, Kindertageseinrichtungen, renommierten Comic-K\u00fcnstlern und Kultureinrichtungen stattfinden. Ziel ist es, rund 150 &#8211; 200 Sch\u00fclerinnen und Sch\u00fclern der Altersgruppe von 10 bis 16 Jahren schulart- und einrichtungs\u00fcbergreifend die M\u00f6glichkeit zu geben, sich aktiv, kreativ und &#8222;sichtbar&#8220; am Programm des Comic-Salons zu beteiligen.<br \/>\nDas Projekt wird mit 17.550 EUR bezuschusst.<\/p>\n<p>12. &#8222;150 Jahre Befreiungshalle Kelheim &#8211; Jugend-Wald-Holz-Wildnis-Nachhaltigkeit&#8220;<br \/>\nIm Rahmen dieses Projektes soll versucht werden, das Interesse der Kinder und Jugendlichen f\u00fcr den Wald, seine Bedeutung f\u00fcr den Naturhaushalt und das Lebensumfeld sowie als Rohstoffquelle zu wecken und durch gemeinschaftliches Erleben zu verankern. Der experimentelle Charakter erm\u00f6glicht dar\u00fcber hinaus, Erfahrungen zu sammeln und diese durch eine kritische Dokumentation an andere Schulen weiterzugeben.<br \/>\nDas Projekt wird mit 12.500 EUR bezuschusst.<\/p>\n<p>13. &#8222;Anti-Mobbing!&#8220;<br \/>\nEin Anti-Mobbing-Theaterprojekt vor allem zur Pr\u00e4vention von Mobbing und Gewalt f\u00fchrt die Theater EUKITEA gGmbH in Diedorf bereits im zweiten Jahr durch. Es wird begleitet von Arbeitsmaterialien und Workshops f\u00fcr Lehrkr\u00e4fte, Eltern und Kinder.<br \/>\nDer Kulturfonds f\u00f6rdert das Projekt mit 49.300 EUR.<\/p>\n<p>14. &#8222;Mehr Musik!&#8220;<br \/>\nMusik m\u00f6chte die Stadt Augsburg mit ihrem Schulprojekt &#8222;Mehr Musik&#8220; verankern und bezieht dabei beispielsetzend das Philharmonische Orchester des Theaters Augsburg und das Leopold-Mozart-Zentrum der Universit\u00e4t Augsburg &#8211; ebenfalls nunmehr im zweiten Jahr &#8211; mit ein.<br \/>\nDer Kulturfonds f\u00f6rdert das Fortsetzungsprojekt mit 16.600 EUR.<\/p>\n<p>15. &#8222;Au\u00dferunterrichtliche Projekte im Rahmen des Plattlinger Nibelungenmarkts 2012&#8220;<br \/>\nIm Rahmen des j\u00e4hrlich stattfindenden Plattlinger Nibelungenmarktes vom 20. &#8211; 22. Juli 2012 sollen erstmals unter Federf\u00fchrung der Stadt Plattling au\u00dferunterrichtliche Projekte an Plattlinger Schulen und Jugendeinrichtungen stattfinden. Dazu sollen in einem eigens eingerichteten Kinderlager Kindergartenkinder und Grundsch\u00fcler in einen interaktiven Prozess an die Welt des Mittelalters herangef\u00fchrt werden.<br \/>\nDieses Projekt erh\u00e4lt einen Zuschuss von 14.750 EUR.<\/p>\n<p>Quelle: stmuk.bayern.de<\/p>\n","protected":false},"excerpt":{"rendered":"<p>M\u00fcnchen: Vorlage des Kultusministeriums im Landtag beschlossen &#8211; F\u00f6rdersumme liegt insgesamt bei rund 480.000 Euro &#8211; Unterst\u00fctzung f\u00fcr Jugendarbeit, Erwachsenenbildung, kirchliche Bildungsarbeit und internationalen Ideenaustausch. Das Bayerische Kultusministerium hat nach Beschluss des Haushaltsausschusses des Bayerischen Landtags den F\u00f6rderprojekten des Kulturfonds Bayern 2012 die Zusage erteilt. Im aktuellen Jahr werden insgesamt 15 Projekte mit einer Gesamtsumme [&hellip;]<\/p>\n","protected":false},"author":7,"featured_media":3372,"comment_status":"open","ping_status":"open","sticky":false,"template":"","format":"standard","meta":{"footnotes":""},"categories":[78,71],"tags":[192],"class_list":["post-3371","post","type-post","status-publish","format-standard","has-post-thumbnail","hentry","category-bayern","category-menue","tag-jugend"],"_links":{"self":[{"href":"https:\/\/www.frankensicht.de\/index.php?rest_route=\/wp\/v2\/posts\/3371","targetHints":{"allow":["GET"]}}],"collection":[{"href":"https:\/\/www.frankensicht.de\/index.php?rest_route=\/wp\/v2\/posts"}],"about":[{"href":"https:\/\/www.frankensicht.de\/index.php?rest_route=\/wp\/v2\/types\/post"}],"author":[{"embeddable":true,"href":"https:\/\/www.frankensicht.de\/index.php?rest_route=\/wp\/v2\/users\/7"}],"replies":[{"embeddable":true,"href":"https:\/\/www.frankensicht.de\/index.php?rest_route=%2Fwp%2Fv2%2Fcomments&post=3371"}],"version-history":[{"count":0,"href":"https:\/\/www.frankensicht.de\/index.php?rest_route=\/wp\/v2\/posts\/3371\/revisions"}],"wp:featuredmedia":[{"embeddable":true,"href":"https:\/\/www.frankensicht.de\/index.php?rest_route=\/wp\/v2\/media\/3372"}],"wp:attachment":[{"href":"https:\/\/www.frankensicht.de\/index.php?rest_route=%2Fwp%2Fv2%2Fmedia&parent=3371"}],"wp:term":[{"taxonomy":"category","embeddable":true,"href":"https:\/\/www.frankensicht.de\/index.php?rest_route=%2Fwp%2Fv2%2Fcategories&post=3371"},{"taxonomy":"post_tag","embeddable":true,"href":"https:\/\/www.frankensicht.de\/index.php?rest_route=%2Fwp%2Fv2%2Ftags&post=3371"}],"curies":[{"name":"wp","href":"https:\/\/api.w.org\/{rel}","templated":true}]}}