{"id":3354,"date":"2012-07-13T07:33:54","date_gmt":"2012-07-13T05:33:54","guid":{"rendered":"http:\/\/www.frankensicht.de\/?p=3354"},"modified":"2012-07-13T07:33:54","modified_gmt":"2012-07-13T05:33:54","slug":"ausstellung-befasst-sich-mit-fruhen-tod","status":"publish","type":"post","link":"https:\/\/www.frankensicht.de\/?p=3354","title":{"rendered":"Ausstellung befasst sich mit &#8222;fr\u00fchen Tod&#8220;"},"content":{"rendered":"<p><span style=\"color: #ff0000;\">Erlangen:<\/span><br \/>\n3.500 Kinder werden in Deutschland j\u00e4hrlich tot geboren bzw. \u00fcberleben die ersten Tage nach der Geburt nicht. Die Wanderausstellung &#8222;Tod am Anfang des Lebens&#8220; befasst sich in Wort, Bild und Ton mit dem Problemkreis. Sie wird in Anwesenheit von B\u00fcrgermeisterin Birgitt A\u00dfmus am Freitag, 13. Juli, um 14:00 Uhr im Foyer der Frauenklinik (Universit\u00e4tsstra\u00dfe 21) er\u00f6ffnet und ist dort bis 17. August zu sehen. Weitere Stationen des Gemeinschaftsprojektes von Uni-Klinikum, Hospiz-Verein und Stadtverwaltung sind vom 20. bis 30. August das Rathaus, anschlie\u00dfend Zentralfriedhof (4. September bis 12. Oktober) sowie die Rathenaustra\u00dfe 5 (16. Oktober bis 16. November). Mit ihrem Kooperationsprojekt wollen das Universit\u00e4ts-Perinatalzentrum Franken, der Hospiz Verein Erlangen sowie die Stadtverwaltung auf das oft tabuisierte, schwierige Thema aufmerksam machen und aufkl\u00e4ren.<\/p>\n<p>Quelle: erlangen.de<\/p>\n<p><a href=\"https:\/\/www.frankensicht.de\/?attachment_id=3355\" rel=\"attachment wp-att-3355\"><img loading=\"lazy\" decoding=\"async\" class=\"alignnone size-medium wp-image-3355\" title=\"kreuz-der-einheit\" src=\"https:\/\/www.frankensicht.de\/wp-content\/uploads\/2012\/07\/kreuz-der-einheit-224x300.jpg\" alt=\"\" width=\"224\" height=\"300\" srcset=\"https:\/\/www.frankensicht.de\/wp-content\/uploads\/2012\/07\/kreuz-der-einheit-224x300.jpg 224w, https:\/\/www.frankensicht.de\/wp-content\/uploads\/2012\/07\/kreuz-der-einheit.jpg 395w\" sizes=\"auto, (max-width: 224px) 100vw, 224px\" \/><\/a><\/p>\n<p>&nbsp;<\/p>\n<p>&nbsp;<\/p>\n","protected":false},"excerpt":{"rendered":"<p>Erlangen: 3.500 Kinder werden in Deutschland j\u00e4hrlich tot geboren bzw. \u00fcberleben die ersten Tage nach der Geburt nicht. Die Wanderausstellung &#8222;Tod am Anfang des Lebens&#8220; befasst sich in Wort, Bild und Ton mit dem Problemkreis. Sie wird in Anwesenheit von B\u00fcrgermeisterin Birgitt A\u00dfmus am Freitag, 13. Juli, um 14:00 Uhr im Foyer der Frauenklinik (Universit\u00e4tsstra\u00dfe [&hellip;]<\/p>\n","protected":false},"author":7,"featured_media":3355,"comment_status":"open","ping_status":"open","sticky":false,"template":"","format":"standard","meta":{"footnotes":""},"categories":[111,71,85],"tags":[763],"class_list":["post-3354","post","type-post","status-publish","format-standard","has-post-thumbnail","hentry","category-erlangen-mittelfranken","category-menue","category-mittelfranken","tag-tot"],"_links":{"self":[{"href":"https:\/\/www.frankensicht.de\/index.php?rest_route=\/wp\/v2\/posts\/3354","targetHints":{"allow":["GET"]}}],"collection":[{"href":"https:\/\/www.frankensicht.de\/index.php?rest_route=\/wp\/v2\/posts"}],"about":[{"href":"https:\/\/www.frankensicht.de\/index.php?rest_route=\/wp\/v2\/types\/post"}],"author":[{"embeddable":true,"href":"https:\/\/www.frankensicht.de\/index.php?rest_route=\/wp\/v2\/users\/7"}],"replies":[{"embeddable":true,"href":"https:\/\/www.frankensicht.de\/index.php?rest_route=%2Fwp%2Fv2%2Fcomments&post=3354"}],"version-history":[{"count":0,"href":"https:\/\/www.frankensicht.de\/index.php?rest_route=\/wp\/v2\/posts\/3354\/revisions"}],"wp:featuredmedia":[{"embeddable":true,"href":"https:\/\/www.frankensicht.de\/index.php?rest_route=\/wp\/v2\/media\/3355"}],"wp:attachment":[{"href":"https:\/\/www.frankensicht.de\/index.php?rest_route=%2Fwp%2Fv2%2Fmedia&parent=3354"}],"wp:term":[{"taxonomy":"category","embeddable":true,"href":"https:\/\/www.frankensicht.de\/index.php?rest_route=%2Fwp%2Fv2%2Fcategories&post=3354"},{"taxonomy":"post_tag","embeddable":true,"href":"https:\/\/www.frankensicht.de\/index.php?rest_route=%2Fwp%2Fv2%2Ftags&post=3354"}],"curies":[{"name":"wp","href":"https:\/\/api.w.org\/{rel}","templated":true}]}}