{"id":3349,"date":"2012-07-13T07:34:55","date_gmt":"2012-07-13T05:34:55","guid":{"rendered":"http:\/\/www.frankensicht.de\/?p=3349"},"modified":"2012-07-13T07:34:55","modified_gmt":"2012-07-13T05:34:55","slug":"kultusministerium-offnet-auf-wunsch-von-eltern-und-sachaufwandstragern-die-realschule-in-murnau-ab-schuljahr-20132014-fur-madchen-erzdiozese-munchen-und-freising-lasst-schulbetrieb-in-schlehdorf-in","status":"publish","type":"post","link":"https:\/\/www.frankensicht.de\/?p=3349","title":{"rendered":"Kultusministerium \u00f6ffnet auf Wunsch von Eltern und Sachaufwandstr\u00e4gern die Realschule in Murnau ab Schuljahr 2013\/2014 f\u00fcr M\u00e4dchen &#8211; Erzdi\u00f6zese M\u00fcnchen und Freising l\u00e4sst Schulbetrieb in Schlehdorf in den kommenden sechs Schuljahren auslaufen"},"content":{"rendered":"<p><span style=\"color: #ff0000;\">M\u00fcnchen -Murnau:<\/span><\/p>\n<p>Das Bayerische Kultusministerium wird auf vielfachen Wunsch der Eltern sowie des Kreistags des Landkreises Garmisch-Partenkirchen und des Stadtrates von Murnau die Realschule in Murnau ab dem Schuljahr 2013\/2014 auch f\u00fcr M\u00e4dchen \u00f6ffnen.<\/p>\n<p><a href=\"https:\/\/www.frankensicht.de\/?attachment_id=1849\" rel=\"attachment wp-att-1849\"><img loading=\"lazy\" decoding=\"async\" class=\"alignnone size-medium wp-image-1849\" title=\"realschule\" src=\"https:\/\/www.frankensicht.de\/wp-content\/uploads\/2012\/05\/realschule-300x144.jpg\" alt=\"\" width=\"300\" height=\"144\" \/><\/a><br \/>\nZum Schuljahr 2011\/2012 hatte das Ministerium die Errichtung einer zweiz\u00fcgigen Knabenrealschule in Murnau genehmigt. Im laufenden Schuljahr wurden in Murnau zwei 5. Klassen gebildet. Den Antrag dazu hatte der Landkreis Garmisch-Partenkirchen gemeinsam mit der Stadt Murnau gestellt. Die Gr\u00fcndung der zweiz\u00fcgigen Realschule erfolgte im Rahmen der Kooperation von Mittelschule und Realschule. Mit der neuen Realschule hat das Ministerium das Bildungsangebot in diesem oberbayerischen Landkreis stark erweitert. Sch\u00fcler, die bisher zum Besuch einer Realschule in die Kreisstadt Garmisch-Partenkirchen fahren mussten, k\u00f6nnen nun vor Ort ihre Schule besuchen. Vereinzelt waren auch jetzt schon M\u00e4dchen zum Besuch der Knabenrealschule zugelassen worden.<\/p>\n<p>Die Erzdi\u00f6zese M\u00fcnchen und Freising nimmt die Entscheidung des Freistaats Bayern zur Kenntnis. Sie wird ab dem Schuljahr 2013\/2014 keine neuen Sch\u00fclerinnen mehr in Schlehdorf aufnehmen. Der Schulbetrieb an der M\u00e4dchenrealschule Schlehdorf wird jedoch noch bis zum Ende des Schuljahres 2017\/2018 aufrechterhalten, damit alle Sch\u00fclerinnen, die bereits die Schule besuchen, dort noch ihren Abschluss erwerben k\u00f6nnen.<\/p>\n<p>Quelle: stmuk.bayern.de<\/p>\n","protected":false},"excerpt":{"rendered":"<p>M\u00fcnchen -Murnau: Das Bayerische Kultusministerium wird auf vielfachen Wunsch der Eltern sowie des Kreistags des Landkreises Garmisch-Partenkirchen und des Stadtrates von Murnau die Realschule in Murnau ab dem Schuljahr 2013\/2014 auch f\u00fcr M\u00e4dchen \u00f6ffnen. Zum Schuljahr 2011\/2012 hatte das Ministerium die Errichtung einer zweiz\u00fcgigen Knabenrealschule in Murnau genehmigt. Im laufenden Schuljahr wurden in Murnau zwei [&hellip;]<\/p>\n","protected":false},"author":7,"featured_media":0,"comment_status":"open","ping_status":"open","sticky":false,"template":"","format":"standard","meta":{"footnotes":""},"categories":[78,71],"tags":[764],"class_list":["post-3349","post","type-post","status-publish","format-standard","hentry","category-bayern","category-menue","tag-realschule-auch-fur-madchen"],"_links":{"self":[{"href":"https:\/\/www.frankensicht.de\/index.php?rest_route=\/wp\/v2\/posts\/3349","targetHints":{"allow":["GET"]}}],"collection":[{"href":"https:\/\/www.frankensicht.de\/index.php?rest_route=\/wp\/v2\/posts"}],"about":[{"href":"https:\/\/www.frankensicht.de\/index.php?rest_route=\/wp\/v2\/types\/post"}],"author":[{"embeddable":true,"href":"https:\/\/www.frankensicht.de\/index.php?rest_route=\/wp\/v2\/users\/7"}],"replies":[{"embeddable":true,"href":"https:\/\/www.frankensicht.de\/index.php?rest_route=%2Fwp%2Fv2%2Fcomments&post=3349"}],"version-history":[{"count":0,"href":"https:\/\/www.frankensicht.de\/index.php?rest_route=\/wp\/v2\/posts\/3349\/revisions"}],"wp:attachment":[{"href":"https:\/\/www.frankensicht.de\/index.php?rest_route=%2Fwp%2Fv2%2Fmedia&parent=3349"}],"wp:term":[{"taxonomy":"category","embeddable":true,"href":"https:\/\/www.frankensicht.de\/index.php?rest_route=%2Fwp%2Fv2%2Fcategories&post=3349"},{"taxonomy":"post_tag","embeddable":true,"href":"https:\/\/www.frankensicht.de\/index.php?rest_route=%2Fwp%2Fv2%2Ftags&post=3349"}],"curies":[{"name":"wp","href":"https:\/\/api.w.org\/{rel}","templated":true}]}}