{"id":3345,"date":"2012-07-12T08:19:09","date_gmt":"2012-07-12T06:19:09","guid":{"rendered":"http:\/\/www.frankensicht.de\/?p=3345"},"modified":"2012-07-12T08:19:09","modified_gmt":"2012-07-12T06:19:09","slug":"bayerns-schule-als-ort-lebendiger-toleranz","status":"publish","type":"post","link":"https:\/\/www.frankensicht.de\/?p=3345","title":{"rendered":"Bayerns Schule als Ort lebendiger Toleranz"},"content":{"rendered":"<p><span style=\"color: #ff0000;\">N\u00fcrnberg &#8211; M\u00fcnchen:<\/span><a href=\"https:\/\/www.frankensicht.de\/?attachment_id=2831\" rel=\"attachment wp-att-2831\"><img loading=\"lazy\" decoding=\"async\" class=\"alignnone size-medium wp-image-2831\" title=\"schule\" src=\"https:\/\/www.frankensicht.de\/wp-content\/uploads\/2012\/06\/schule-300x187.jpg\" alt=\"\" width=\"300\" height=\"187\" srcset=\"https:\/\/www.frankensicht.de\/wp-content\/uploads\/2012\/06\/schule-300x187.jpg 300w, https:\/\/www.frankensicht.de\/wp-content\/uploads\/2012\/06\/schule.jpg 640w\" sizes=\"auto, (max-width: 300px) 100vw, 300px\" \/><\/a><\/p>\n<p>Regionalbeauftragte f\u00fcr Demokratie diskutieren ab 16. Juli Wege zur Pr\u00e4vention der Verbreitung rechts- und linksextremistischer Ideologien &#8211; Fachtagung in N\u00fcrnberg &#8211; F\u00fcrther Sch\u00fcler erkl\u00e4ren den Staatssekret\u00e4ren Sibler und Eck ihre &#8222;Schule ohne Rassismus&#8220;<\/p>\n<p>Bei Kindern und Jugendlichen f\u00fcr Demokratie zu werben und diese zu Toleranz zu erziehen, sind wichtige Auftr\u00e4ge aller Schulen im Freistaat. Und die Schulen verfolgen diese Ziele konsequent. Die Lehrkr\u00e4fte, Eltern und Sch\u00fcler werden bei diesem Anliegen durch Regionalbeauftragte f\u00fcr Demokratie und Toleranz unterst\u00fctzt. Vor drei Jahren hatte sie Kultusminister Dr. Ludwig Spaenle an einem besonderen historischen Ort mit ihrer Aufgabe betraut, im Dokumentationszentrum Reichsparteitagsgel\u00e4nde in N\u00fcrnberg. Am kommenden Montag, den 16. Juli, treffen sich die Regionalbeauftragten am gleichen Ort wieder zu einer dreit\u00e4gigen Fachtagung, um ihre bisherigen Erfahrungen in der Demokratief\u00f6rderung auszutauschen, Methoden zur Pr\u00e4vention des Rechts- und Linksextremismus zu diskutieren und Gespr\u00e4che mit Zeitzeugen zu f\u00fchren.<br \/>\nEr\u00f6ffnet wird die Fachtagung am 16. Juli um 14.15 Uhr durch Kultusstaatssekret\u00e4r Bernd Sibler und Innenstaatssekret\u00e4r Gerhard Eck.<\/p>\n<p>Staatssekret\u00e4r Sibler: Regionalbeauftragte leisten Aufkl\u00e4rungsarbeit<\/p>\n<p>Kultusstaatssekret\u00e4r Bernd Sibler w\u00fcrdigte im Vorfeld der Tagung die Arbeit der Regionalbeauftragten: &#8222;Mit CD-Roms, DVDs und Schriften der rechtsextremen Szene werden Schulen und Sch\u00fclervertretungen immer wieder mal konfrontiert. Es gibt auch einzelne Sch\u00fcler, die sich rechtsextremem Gedankengut verschrieben haben. Die Regionalbeauftragten helfen den Schulen, aber auch den Eltern immer wieder, Aufkl\u00e4rungsarbeit zu leisten und f\u00fcr die Demokratie zu werben. Die Demokratie ist die beste Regierungsform, um die Menschenrechte zu verwirklichen und die Personenw\u00fcrde zu garantieren. Wir sind als wehrhafte Demokratie gefordert, beide Seite des politischen Extremismus zu bek\u00e4mpfen, den Rechts- und den Linksradikalismus. Die Regionalbeauftragten \u00fcben hier einen wichtigen Dienst f\u00fcr unsere Gesellschaft aus.&#8220; Die Regionalbeauftragten sind in der Regel Schulpsychologen, die Lehrkr\u00e4fte, Eltern und betroffene Jugendliche beraten. Sie wirken in der Lehrerfortbildung mit. Die Regionalbeauftra!<br \/>\ngten werden in ihrer Arbeit durch Wissenschaftler begleitet.<\/p>\n<p>Ausrichter der Tagung vom 16. bis 18. Juli in N\u00fcrnberg sind das Bayerische Kultusministerium und die Bayerische Landeszentrale f\u00fcr politische Bildungsarbeit, das Bayerische Innenministerium und die Bayerische Informationsstelle gegen Extremismus (BIGE).<\/p>\n<p>Sch\u00fcler einer F\u00fcrther &#8222;Schule ohne Rassismus &#8211; Schule mit Courage&#8220; treffen am 16. Juli die Staatssekret\u00e4re Bernd Sibler und Gerhard Eck<\/p>\n<p>Unmittelbar vor der Tagung der Beauftragten, n\u00e4mlich am 16. Juli, bereits um 13.45 Uhr, treffen sich die Staatssekret\u00e4re Sibler und Eck im Dokumentationszentrum mit Sch\u00fclerinnen und Sch\u00fclern der F\u00fcrther Mittelschule Hans-Sachs-Stra\u00dfe. Gemeinsam mit ihrer Schulleiterin Silke Nicolai werden die Sch\u00fclervertreter dieser &#8222;Schule ohne Rassismus &#8211; Schule mit Courage&#8220; darlegen, wie sie mit ihren Mitsch\u00fclern Demokratie ein\u00fcben (Pressevertreter sind zu dem Gespr\u00e4ch eingeladen).<br \/>\nDabei steht die Mittelschule aus F\u00fcrth beispielhaft f\u00fcr die zahlreichen Bem\u00fchungen von Schulfamilien vor Ort, junge Menschen f\u00fcr die Demokratie und den Rechtsstaat zu gewinnen. Andere Beispiele sind u.a.:<br \/>\n&#8211; das Hans-Leinberger-Gymnasium in Landshut, das sich mit Unterst\u00fctzung der Stadt und des Kultusministeriums aktiv gegen eine Veranstaltung Rechtsextremer an ihrer Schule gewehrt hat,<br \/>\n&#8211; Gymnasiasten aus Hersbruck, die einen Audioguide zur KZ-Gedenkst\u00e4tte Flossenb\u00fcrg produziert haben,<br \/>\n&#8211; ein Praxis-Seminar am Gymnasium Neutraubling, bei dem die Sch\u00fclerinnen und Sch\u00fcler in Zusammenarbeit mit dem Leo Baeck-Institut die Geschichte der Au\u00dfenlager von Flossenb\u00fcrg bearbeiten,<br \/>\n&#8211; und die St. Wolfgang-Mittelschule in Regensburg, in der Sch\u00fclerinnen und Sch\u00fcler sich der Thematik junger Opfer von Flossenb\u00fcrg zugewendet haben.<br \/>\n\u00dcber die Vielzahl von Einzelma\u00dfnahmen hinaus erweisen sich die Schulen insgesamt als Orte aktiver Erinnerungsarbeit und Demokratief\u00f6rderung.<br \/>\nDieses Bem\u00fchen wird erg\u00e4nzt durch die Initiative zur Werteerziehung &#8222;Werte machen stark&#8220;, die an Bayerns Schulen seit 2008 praktiziert wird.<\/p>\n<p>Startsignal f\u00fcr die Regionalbeauftragten f\u00fcr Demokratie und Toleranz<\/p>\n<p>Kultusminister Spaenle hatte bei der Einsetzung der Regionalbeauftragten f\u00fcr Demokratie und Toleranz 2009 die Zielrichtung f\u00fcr deren Arbeit so formuliert: &#8222;Wir d\u00fcrfen politisch Radikalen keine Chance geben. Dem Schwur des ,Nie wieder&#8216; einer braunen Diktatur gegen\u00fcber, den die Verfassungsgeber 1946 f\u00fcr Bayern und 1949 f\u00fcr die Bundesrepublik geleistet hatten, wei\u00df sich der Freistaat Bayern verpflichtet. Die Regionalbeauftragten spielen bei der Umsetzung dieses Anliegens eine wichtige Rolle.&#8220; F\u00fcr den Minister geh\u00f6rt diese neuartige, bundesweit einmalige erziehungsbegleitende Ma\u00dfnahme zum &#8222;Kern des Bildungsauftrags des Kultusministeriums und der Schulen&#8220;. Der Freistaat Bayern unterst\u00fctzt deshalb z.B. auch Schulklassen finanziell, bei Exkursionen zu KZ-Gedenkst\u00e4tten und den Dokumentationszentren Geschichte am authentischen Ort nach zu erleben.<br \/>\nDie Regionalbeauftragten f\u00fcr Demokratie und Toleranz sind ein Bestandteil des &#8222;Bayerischen Handlungskonzepts gegen Rechtsextremismus&#8220; des Bayerischen Kabinetts von 2009, um die Erziehung zu Demokratie und gegen politischen Extremismus weiter zu verst\u00e4rken.<br \/>\n2009 hatten Kultusminister Spaenle und Innenminister Joachim Herrmann das Internetportal www.bayern-gegen-rechstextremismus.bayern.de freigeschaltet. Das Kultusministerium arbeitet aktiv am &#8222;Bayerischen B\u00fcndnis f\u00fcr Toleranz &#8211; Demokratie und Menschenw\u00fcrde sch\u00fctzen&#8220; mit. Seit 2011 steht auch ein Portal mit Informationen \u00fcber linksextremistische Aktivit\u00e4ten und m\u00f6gliche Pr\u00e4ventionsma\u00dfmahmen zur Verf\u00fcgung unter www.bayern-gegen-linksextremismus.bayern.de.<\/p>\n<p>Quelle: stmuk.bayern.de<\/p>\n","protected":false},"excerpt":{"rendered":"<p>N\u00fcrnberg &#8211; M\u00fcnchen: Regionalbeauftragte f\u00fcr Demokratie diskutieren ab 16. Juli Wege zur Pr\u00e4vention der Verbreitung rechts- und linksextremistischer Ideologien &#8211; Fachtagung in N\u00fcrnberg &#8211; F\u00fcrther Sch\u00fcler erkl\u00e4ren den Staatssekret\u00e4ren Sibler und Eck ihre &#8222;Schule ohne Rassismus&#8220; Bei Kindern und Jugendlichen f\u00fcr Demokratie zu werben und diese zu Toleranz zu erziehen, sind wichtige Auftr\u00e4ge aller Schulen [&hellip;]<\/p>\n","protected":false},"author":7,"featured_media":2831,"comment_status":"open","ping_status":"open","sticky":false,"template":"","format":"standard","meta":{"footnotes":""},"categories":[78,71,85,100],"tags":[761],"class_list":["post-3345","post","type-post","status-publish","format-standard","has-post-thumbnail","hentry","category-bayern","category-menue","category-mittelfranken","category-nurnberg-mittelfranken","tag-gegen-rassismus"],"_links":{"self":[{"href":"https:\/\/www.frankensicht.de\/index.php?rest_route=\/wp\/v2\/posts\/3345","targetHints":{"allow":["GET"]}}],"collection":[{"href":"https:\/\/www.frankensicht.de\/index.php?rest_route=\/wp\/v2\/posts"}],"about":[{"href":"https:\/\/www.frankensicht.de\/index.php?rest_route=\/wp\/v2\/types\/post"}],"author":[{"embeddable":true,"href":"https:\/\/www.frankensicht.de\/index.php?rest_route=\/wp\/v2\/users\/7"}],"replies":[{"embeddable":true,"href":"https:\/\/www.frankensicht.de\/index.php?rest_route=%2Fwp%2Fv2%2Fcomments&post=3345"}],"version-history":[{"count":0,"href":"https:\/\/www.frankensicht.de\/index.php?rest_route=\/wp\/v2\/posts\/3345\/revisions"}],"wp:featuredmedia":[{"embeddable":true,"href":"https:\/\/www.frankensicht.de\/index.php?rest_route=\/wp\/v2\/media\/2831"}],"wp:attachment":[{"href":"https:\/\/www.frankensicht.de\/index.php?rest_route=%2Fwp%2Fv2%2Fmedia&parent=3345"}],"wp:term":[{"taxonomy":"category","embeddable":true,"href":"https:\/\/www.frankensicht.de\/index.php?rest_route=%2Fwp%2Fv2%2Fcategories&post=3345"},{"taxonomy":"post_tag","embeddable":true,"href":"https:\/\/www.frankensicht.de\/index.php?rest_route=%2Fwp%2Fv2%2Ftags&post=3345"}],"curies":[{"name":"wp","href":"https:\/\/api.w.org\/{rel}","templated":true}]}}