{"id":3301,"date":"2012-07-10T13:54:54","date_gmt":"2012-07-10T11:54:54","guid":{"rendered":"http:\/\/www.frankensicht.de\/?p=3301"},"modified":"2012-07-10T13:54:54","modified_gmt":"2012-07-10T11:54:54","slug":"bayerns-justizministerin-merk-fordert-rasches-leistungsschutzrecht-fur-presseerzeugnisse","status":"publish","type":"post","link":"https:\/\/www.frankensicht.de\/?p=3301","title":{"rendered":"Bayerns Justizministerin Merk fordert rasches Leistungsschutzrecht f\u00fcr Presseerzeugnisse"},"content":{"rendered":"<p><span style=\"color: #ff0000;\">M\u00fcnchen:<\/span><br \/>\nBayerns Justizministerin Dr. Beate Merk begr\u00fc\u00dft,<br \/>\ndass das geplante Leistungsschutzrecht f\u00fcr Presserzeugnisse,<br \/>\ndas den Verlagen eine Beteiligung sichert, wenn ihre<br \/>\nArtikel im Internet gewerbsm\u00e4\u00dfig \u00fcbernommen werden,<br \/>\nnach Medienberichten noch vor der Sommerpause das Bundeskabinett<br \/>\npassieren soll und fordert eine rasche Umsetzung. &#8222;Wir<br \/>\nm\u00fcssen hier schnell vorankommen, damit die Verleger,<br \/>\nmit deren Inhalten Google News &amp; Co Werbeeinnahmen<br \/>\nerzielen, davon auch etwas abbekommen&#8220;, so Merk. &#8222;Damit<br \/>\nbeseitigen wir ein erhebliches Gerechtigkeitsdefizit.<br \/>\nUnd der private Internet-User hat nichts zu bef\u00fcrchten,<br \/>\nweil Geb\u00fchren lediglich f\u00fcr die gewerbliche Nutzung<br \/>\nzu entrichten sind.&#8220;<\/p>\n<p><a href=\"https:\/\/www.frankensicht.de\/?attachment_id=1410\" rel=\"attachment wp-att-1410\"><img loading=\"lazy\" decoding=\"async\" class=\"alignnone size-medium wp-image-1410\" title=\"paragraf\" src=\"https:\/\/www.frankensicht.de\/wp-content\/uploads\/2012\/05\/paragraf-300x187.jpg\" alt=\"\" width=\"300\" height=\"187\" srcset=\"https:\/\/www.frankensicht.de\/wp-content\/uploads\/2012\/05\/paragraf-300x187.jpg 300w, https:\/\/www.frankensicht.de\/wp-content\/uploads\/2012\/05\/paragraf.jpg 640w\" sizes=\"auto, (max-width: 300px) 100vw, 300px\" \/><\/a><\/p>\n<p>&#8222;\u00dcber die<br \/>\nEinzelheiten der Ausgestaltung kann man sicher noch<br \/>\ndiskutieren&#8220;, so Merk. &#8222;So w\u00e4re meines Erachtens ein<br \/>\nLizenzierungssystem durch eine Verwertungsgesellschaft<br \/>\nanalog der GEMA sinnvoll, damit sich der gewerbliche<br \/>\nNutzer nicht an viele verschiedene Stellen wenden muss,<br \/>\num eine Lizenz zu erhalten. Aber \u00fcber diese Detailfragen<br \/>\ndarf man nicht vergessen: Wichtig ist, dass wir mit<br \/>\ndem Leistungsschutzrecht vorankommen und damit die<br \/>\nVerleger vor einer gewerblichen Ausbeutung ihrer Leistung<br \/>\nsch\u00fctzen!&#8220;<\/p>\n<p>Quelle: stmj.bayern.de<\/p>\n<p>&nbsp;<\/p>\n<p>&nbsp;<\/p>\n","protected":false},"excerpt":{"rendered":"<p>M\u00fcnchen: Bayerns Justizministerin Dr. Beate Merk begr\u00fc\u00dft, dass das geplante Leistungsschutzrecht f\u00fcr Presserzeugnisse, das den Verlagen eine Beteiligung sichert, wenn ihre Artikel im Internet gewerbsm\u00e4\u00dfig \u00fcbernommen werden, nach Medienberichten noch vor der Sommerpause das Bundeskabinett passieren soll und fordert eine rasche Umsetzung. &#8222;Wir m\u00fcssen hier schnell vorankommen, damit die Verleger, mit deren Inhalten Google News [&hellip;]<\/p>\n","protected":false},"author":7,"featured_media":1410,"comment_status":"open","ping_status":"open","sticky":false,"template":"","format":"standard","meta":{"footnotes":""},"categories":[78,71],"tags":[749],"class_list":["post-3301","post","type-post","status-publish","format-standard","has-post-thumbnail","hentry","category-bayern","category-menue","tag-urheberrechte"],"_links":{"self":[{"href":"https:\/\/www.frankensicht.de\/index.php?rest_route=\/wp\/v2\/posts\/3301","targetHints":{"allow":["GET"]}}],"collection":[{"href":"https:\/\/www.frankensicht.de\/index.php?rest_route=\/wp\/v2\/posts"}],"about":[{"href":"https:\/\/www.frankensicht.de\/index.php?rest_route=\/wp\/v2\/types\/post"}],"author":[{"embeddable":true,"href":"https:\/\/www.frankensicht.de\/index.php?rest_route=\/wp\/v2\/users\/7"}],"replies":[{"embeddable":true,"href":"https:\/\/www.frankensicht.de\/index.php?rest_route=%2Fwp%2Fv2%2Fcomments&post=3301"}],"version-history":[{"count":0,"href":"https:\/\/www.frankensicht.de\/index.php?rest_route=\/wp\/v2\/posts\/3301\/revisions"}],"wp:featuredmedia":[{"embeddable":true,"href":"https:\/\/www.frankensicht.de\/index.php?rest_route=\/wp\/v2\/media\/1410"}],"wp:attachment":[{"href":"https:\/\/www.frankensicht.de\/index.php?rest_route=%2Fwp%2Fv2%2Fmedia&parent=3301"}],"wp:term":[{"taxonomy":"category","embeddable":true,"href":"https:\/\/www.frankensicht.de\/index.php?rest_route=%2Fwp%2Fv2%2Fcategories&post=3301"},{"taxonomy":"post_tag","embeddable":true,"href":"https:\/\/www.frankensicht.de\/index.php?rest_route=%2Fwp%2Fv2%2Ftags&post=3301"}],"curies":[{"name":"wp","href":"https:\/\/api.w.org\/{rel}","templated":true}]}}