{"id":3273,"date":"2012-07-09T10:55:10","date_gmt":"2012-07-09T08:55:10","guid":{"rendered":"http:\/\/www.frankensicht.de\/?p=3273"},"modified":"2012-07-09T10:55:10","modified_gmt":"2012-07-09T08:55:10","slug":"erhalt-selbststandiger-grundschulen-im-landlichen-raum-kultusministerium-investiert-zusatzliche-lehrerstellen","status":"publish","type":"post","link":"https:\/\/www.frankensicht.de\/?p=3273","title":{"rendered":"Erhalt selbstst\u00e4ndiger Grundschulen im l\u00e4ndlichen Raum &#8211; Kultusministerium investiert zus\u00e4tzliche Lehrerstellen"},"content":{"rendered":"<p><span style=\"color: #ff0000;\">M\u00fcnchen:<\/span><a href=\"https:\/\/www.frankensicht.de\/?attachment_id=2831\" rel=\"attachment wp-att-2831\"><img loading=\"lazy\" decoding=\"async\" class=\"alignnone size-medium wp-image-2831\" title=\"schule\" src=\"https:\/\/www.frankensicht.de\/wp-content\/uploads\/2012\/06\/schule-300x187.jpg\" alt=\"\" width=\"300\" height=\"187\" srcset=\"https:\/\/www.frankensicht.de\/wp-content\/uploads\/2012\/06\/schule-300x187.jpg 300w, https:\/\/www.frankensicht.de\/wp-content\/uploads\/2012\/06\/schule.jpg 640w\" sizes=\"auto, (max-width: 300px) 100vw, 300px\" \/><\/a><\/p>\n<p>Zuschlag an Lehrerstunden sichert den Erhalt von kleinen selbstst\u00e4ndigen Grundschulen &#8211; Einzelne Schul\u00e4mter in allen Regierungsbezirken erhalten Ausgleichszuschlag &#8211; &#8222;Kurze Beine, kurze Wege&#8220;<\/p>\n<p>Einzelne Schul\u00e4mter aus allen Regierungsbezirken erhalten auf der Grundlage des Nachtragshaushalts f\u00fcr das kommende Schuljahr zus\u00e4tzliche Mittel in Form von Lehrerstellen, um angesichts des R\u00fcckgangs der Kinderzahlen gerade im l\u00e4ndlichen Raum dort den Unterricht vor Ort in kleinen selbstst\u00e4ndigen Grundschulen sicherstellen zu k\u00f6nnen. Dazu hatte der Bayerische Landtag auf Initiative von Kultusminister Dr. Ludwig Spaenle im Nachtragshaushalt gr\u00fcnes Licht gegeben. Damit sollen selbstst\u00e4ndige Grundschulen mit einer Zahl von mindestens 26 Sch\u00fclern erhalten werden, wenn dies die Eltern und der Sachaufwandstr\u00e4ger w\u00fcnschen.<br \/>\n&#8222;Kurze Beine &#8211; kurze Wege&#8220;, in diesem Sinne ist es das Anliegen von Kultusminister Spaenle, dass Grundsch\u00fcler auch angesichts der demographischen Entwicklung keine weiten Wege zur Schule zur\u00fccklegen m\u00fcssen.<br \/>\nDerzeit erfolgt die Planung f\u00fcr die Zuweisung der Stellen f\u00fcr die einzelnen Schul\u00e4mter. Dabei waren folgende Kriterien zielf\u00fchrend: ein besonders starker R\u00fcckgang an Sch\u00fclerzahlen und Schulen mit sehr wenigen Klassen im Schulamtsbezirk. Bei der Vergabe des demographischen Zuschlags werden die Schul\u00e4mter in folgenden Landkreisen bedacht:<br \/>\nIn Unterfranken die Landkreise Main-Spessart und Rh\u00f6n-Grabfeld<br \/>\nIn Oberfranken: Kulmbach, Kronach, Wunsiedel, Forchheim und Lichtenfels<br \/>\nIn Mittelfranken: Stadt und Landkreis Ansbach<br \/>\nIn der Oberpfalz: die Schul\u00e4mter in den Landkreisen Cham, Tirschenreuth, Neustadt an der Waldnaab und Weiden, sowie Schwandorf<br \/>\nIn Oberbayern: der Landkreis Garmisch-Partenkirchen<br \/>\nIn Niederbayern: die Landkreise Regen, Freyung-Grafenau und Rottal-Inn sowie das Schulamt f\u00fcr Stadt und Landkreis Passau<br \/>\nIn Schwaben der Landkreis Donau-Ries<\/p>\n<p>Im Bedarfsfall k\u00f6nnen die Regierungen bei der Feinsteuerung der Stellen mitwirken.<\/p>\n<p>Quelle: stmuk.bayern.de<\/p>\n","protected":false},"excerpt":{"rendered":"<p>M\u00fcnchen: Zuschlag an Lehrerstunden sichert den Erhalt von kleinen selbstst\u00e4ndigen Grundschulen &#8211; Einzelne Schul\u00e4mter in allen Regierungsbezirken erhalten Ausgleichszuschlag &#8211; &#8222;Kurze Beine, kurze Wege&#8220; Einzelne Schul\u00e4mter aus allen Regierungsbezirken erhalten auf der Grundlage des Nachtragshaushalts f\u00fcr das kommende Schuljahr zus\u00e4tzliche Mittel in Form von Lehrerstellen, um angesichts des R\u00fcckgangs der Kinderzahlen gerade im l\u00e4ndlichen Raum [&hellip;]<\/p>\n","protected":false},"author":7,"featured_media":0,"comment_status":"open","ping_status":"open","sticky":false,"template":"","format":"standard","meta":{"footnotes":""},"categories":[78,71],"tags":[743],"class_list":["post-3273","post","type-post","status-publish","format-standard","hentry","category-bayern","category-menue","tag-grundschule"],"_links":{"self":[{"href":"https:\/\/www.frankensicht.de\/index.php?rest_route=\/wp\/v2\/posts\/3273","targetHints":{"allow":["GET"]}}],"collection":[{"href":"https:\/\/www.frankensicht.de\/index.php?rest_route=\/wp\/v2\/posts"}],"about":[{"href":"https:\/\/www.frankensicht.de\/index.php?rest_route=\/wp\/v2\/types\/post"}],"author":[{"embeddable":true,"href":"https:\/\/www.frankensicht.de\/index.php?rest_route=\/wp\/v2\/users\/7"}],"replies":[{"embeddable":true,"href":"https:\/\/www.frankensicht.de\/index.php?rest_route=%2Fwp%2Fv2%2Fcomments&post=3273"}],"version-history":[{"count":0,"href":"https:\/\/www.frankensicht.de\/index.php?rest_route=\/wp\/v2\/posts\/3273\/revisions"}],"wp:attachment":[{"href":"https:\/\/www.frankensicht.de\/index.php?rest_route=%2Fwp%2Fv2%2Fmedia&parent=3273"}],"wp:term":[{"taxonomy":"category","embeddable":true,"href":"https:\/\/www.frankensicht.de\/index.php?rest_route=%2Fwp%2Fv2%2Fcategories&post=3273"},{"taxonomy":"post_tag","embeddable":true,"href":"https:\/\/www.frankensicht.de\/index.php?rest_route=%2Fwp%2Fv2%2Ftags&post=3273"}],"curies":[{"name":"wp","href":"https:\/\/api.w.org\/{rel}","templated":true}]}}