{"id":3269,"date":"2012-07-08T11:57:53","date_gmt":"2012-07-08T09:57:53","guid":{"rendered":"http:\/\/www.frankensicht.de\/?p=3269"},"modified":"2012-07-08T11:57:53","modified_gmt":"2012-07-08T09:57:53","slug":"munchen-und-bayern-haben-eine-neue-chance-olympiade-auszurichten-geeignete-sportstatten-und-herausragende-wintersportler","status":"publish","type":"post","link":"https:\/\/www.frankensicht.de\/?p=3269","title":{"rendered":"M\u00fcnchen und Bayern haben eine neue Chance, Olympiade auszurichten &#8211; geeignete Sportst\u00e4tten und herausragende Wintersportler"},"content":{"rendered":"<p><span style=\"color: #ff0000;\">M\u00fcnchen:<\/span><a href=\"https:\/\/www.frankensicht.de\/?attachment_id=3271\" rel=\"attachment wp-att-3271\"><img loading=\"lazy\" decoding=\"async\" class=\"alignnone size-full wp-image-3271\" title=\"260px-Olympic_flag.svg\" src=\"https:\/\/www.frankensicht.de\/wp-content\/uploads\/2012\/07\/260px-Olympic_flag.svg_.png\" alt=\"\" width=\"260\" height=\"173\" \/>@<\/a>wikipedia.org<\/p>\n<p>Sportminister Ludwig Spaenle zum Verzicht des NOKs der Vereinigten Staaten auf eine Olympiabewerbung f\u00fcr 2022<\/p>\n<p>&#8222;F\u00fcr M\u00fcnchen, Bayern und Deutschland ergibt sich nun eine neue Chance, zum Austragungsort f\u00fcr olympische Winterspiele zu werden&#8220;, bewertete Bayerns Sportminister Dr. Ludwig Spaenle den Verzicht des Nationalen Olympischen Komitees der Vereinigten Staaten von Amerika auf ihre Bewerbung um die Winterspiele 2022.<br \/>\n50 Jahre nach den Sommerspielen 1972 bietet sich eine neue Gelegenheit, Gastgeber f\u00fcr das weltweite sportliche Gro\u00dfereignis zu werden. &#8222;M\u00fcnchen, Bayern und Deutschland sind weltoffen. &#8222;Wir haben geeignete Sportst\u00e4tten und herausragende Spitzensportler gerade in den Disziplinen des Wintersports &#8211; das sind ideale Voraussetzungen f\u00fcr eine neue Bewerbung&#8220;, warb der Sportminister daf\u00fcr, sich rasch diesem Gedanken zuzuwenden. Die Zeit bis Ende 2013, also dem Bewerbungsschluss, d\u00fcrfe man nicht verstreichen lassen. M\u00fcnchen w\u00e4re damit der einzige Standort, an dem Sommer- und Winterspiele ausgetragen worden w\u00e4ren.<\/p>\n<p>Quelle: stmuk.bayern.de<\/p>\n","protected":false},"excerpt":{"rendered":"<p>M\u00fcnchen:@wikipedia.org Sportminister Ludwig Spaenle zum Verzicht des NOKs der Vereinigten Staaten auf eine Olympiabewerbung f\u00fcr 2022 &#8222;F\u00fcr M\u00fcnchen, Bayern und Deutschland ergibt sich nun eine neue Chance, zum Austragungsort f\u00fcr olympische Winterspiele zu werden&#8220;, bewertete Bayerns Sportminister Dr. Ludwig Spaenle den Verzicht des Nationalen Olympischen Komitees der Vereinigten Staaten von Amerika auf ihre Bewerbung um [&hellip;]<\/p>\n","protected":false},"author":7,"featured_media":0,"comment_status":"open","ping_status":"open","sticky":false,"template":"","format":"standard","meta":{"footnotes":""},"categories":[78,71],"tags":[742],"class_list":["post-3269","post","type-post","status-publish","format-standard","hentry","category-bayern","category-menue","tag-olympia-2022"],"_links":{"self":[{"href":"https:\/\/www.frankensicht.de\/index.php?rest_route=\/wp\/v2\/posts\/3269","targetHints":{"allow":["GET"]}}],"collection":[{"href":"https:\/\/www.frankensicht.de\/index.php?rest_route=\/wp\/v2\/posts"}],"about":[{"href":"https:\/\/www.frankensicht.de\/index.php?rest_route=\/wp\/v2\/types\/post"}],"author":[{"embeddable":true,"href":"https:\/\/www.frankensicht.de\/index.php?rest_route=\/wp\/v2\/users\/7"}],"replies":[{"embeddable":true,"href":"https:\/\/www.frankensicht.de\/index.php?rest_route=%2Fwp%2Fv2%2Fcomments&post=3269"}],"version-history":[{"count":0,"href":"https:\/\/www.frankensicht.de\/index.php?rest_route=\/wp\/v2\/posts\/3269\/revisions"}],"wp:attachment":[{"href":"https:\/\/www.frankensicht.de\/index.php?rest_route=%2Fwp%2Fv2%2Fmedia&parent=3269"}],"wp:term":[{"taxonomy":"category","embeddable":true,"href":"https:\/\/www.frankensicht.de\/index.php?rest_route=%2Fwp%2Fv2%2Fcategories&post=3269"},{"taxonomy":"post_tag","embeddable":true,"href":"https:\/\/www.frankensicht.de\/index.php?rest_route=%2Fwp%2Fv2%2Ftags&post=3269"}],"curies":[{"name":"wp","href":"https:\/\/api.w.org\/{rel}","templated":true}]}}