{"id":3248,"date":"2012-07-06T19:00:37","date_gmt":"2012-07-06T17:00:37","guid":{"rendered":"http:\/\/www.frankensicht.de\/?p=3248"},"modified":"2024-01-25T09:02:30","modified_gmt":"2024-01-25T08:02:30","slug":"ob-zum-festakt-tag-der-franken","status":"publish","type":"post","link":"https:\/\/www.frankensicht.de\/?p=3248","title":{"rendered":"OB zum Festakt \u201eTag der Franken\u201c"},"content":{"rendered":"<p><span style=\"color: #ff0000;\">\u00a0Erlangen:<\/span><\/p>\n<p>Anl\u00e4sslich des Festaktes zum Tag der Franken am Samstag, 7. Juli, in Schwabach, \u00e4u\u00dferte sich Erlangens OB Siegfried Balleis auch zum Motto der Veranstaltung \u201eFrauen in Franken\u201c. Der Rathauschef w\u00f6rtlich: \u201eKluge, engagierte Frauen \u2013 denken Sie an herausragende Pers\u00f6nlichkeiten wie die Mathematikerin Emmy Noether oder die Kommunalpolitikerin Anna Pirson \u2013 geh\u00f6rten immer schon zu Franken. Sp\u00e4testens seit markgr\u00e4flichen Zeiten ist das historisch auch belegt. Ob Unternehmerinnen, M\u00e4zeninnen, Wissenschaftlerinnen, K\u00fcnstlerinnen oder sozial engagierte Frauen \u2013 vielleicht darf man\u00b4s etwas augenzwinkernd sagen: Franken ist das Stammland der erfolgreichen Frauen.\u201c<\/p>\n<p>Quelle: erlangen.de<\/p>\n<p><a href=\"https:\/\/www.frankensicht.de\/?attachment_id=189\" rel=\"attachment wp-att-189\"><img loading=\"lazy\" decoding=\"async\" class=\"alignnone size-full wp-image-189\" title=\"wappen\" src=\"https:\/\/www.frankensicht.de\/wp-content\/uploads\/wappen.png\" alt=\"\" width=\"220\" height=\"254\" \/><\/a><\/p>\n<p>&nbsp;<\/p>\n","protected":false},"excerpt":{"rendered":"<p>\u00a0Erlangen: Anl\u00e4sslich des Festaktes zum Tag der Franken am Samstag, 7. Juli, in Schwabach, \u00e4u\u00dferte sich Erlangens OB Siegfried Balleis auch zum Motto der Veranstaltung \u201eFrauen in Franken\u201c. Der Rathauschef w\u00f6rtlich: \u201eKluge, engagierte Frauen \u2013 denken Sie an herausragende Pers\u00f6nlichkeiten wie die Mathematikerin Emmy Noether oder die Kommunalpolitikerin Anna Pirson \u2013 geh\u00f6rten immer schon zu [&hellip;]<\/p>\n","protected":false},"author":7,"featured_media":189,"comment_status":"closed","ping_status":"open","sticky":false,"template":"","format":"standard","meta":{"footnotes":""},"categories":[111,71,85],"tags":[696,736],"class_list":["post-3248","post","type-post","status-publish","format-standard","has-post-thumbnail","hentry","category-erlangen-mittelfranken","category-menue","category-mittelfranken","tag-frankentag","tag-frauen"],"_links":{"self":[{"href":"https:\/\/www.frankensicht.de\/index.php?rest_route=\/wp\/v2\/posts\/3248","targetHints":{"allow":["GET"]}}],"collection":[{"href":"https:\/\/www.frankensicht.de\/index.php?rest_route=\/wp\/v2\/posts"}],"about":[{"href":"https:\/\/www.frankensicht.de\/index.php?rest_route=\/wp\/v2\/types\/post"}],"author":[{"embeddable":true,"href":"https:\/\/www.frankensicht.de\/index.php?rest_route=\/wp\/v2\/users\/7"}],"replies":[{"embeddable":true,"href":"https:\/\/www.frankensicht.de\/index.php?rest_route=%2Fwp%2Fv2%2Fcomments&post=3248"}],"version-history":[{"count":1,"href":"https:\/\/www.frankensicht.de\/index.php?rest_route=\/wp\/v2\/posts\/3248\/revisions"}],"predecessor-version":[{"id":16438,"href":"https:\/\/www.frankensicht.de\/index.php?rest_route=\/wp\/v2\/posts\/3248\/revisions\/16438"}],"wp:featuredmedia":[{"embeddable":true,"href":"https:\/\/www.frankensicht.de\/index.php?rest_route=\/wp\/v2\/media\/189"}],"wp:attachment":[{"href":"https:\/\/www.frankensicht.de\/index.php?rest_route=%2Fwp%2Fv2%2Fmedia&parent=3248"}],"wp:term":[{"taxonomy":"category","embeddable":true,"href":"https:\/\/www.frankensicht.de\/index.php?rest_route=%2Fwp%2Fv2%2Fcategories&post=3248"},{"taxonomy":"post_tag","embeddable":true,"href":"https:\/\/www.frankensicht.de\/index.php?rest_route=%2Fwp%2Fv2%2Ftags&post=3248"}],"curies":[{"name":"wp","href":"https:\/\/api.w.org\/{rel}","templated":true}]}}