{"id":3240,"date":"2012-07-07T07:16:09","date_gmt":"2012-07-07T05:16:09","guid":{"rendered":"http:\/\/www.frankensicht.de\/?p=3240"},"modified":"2012-07-07T21:37:52","modified_gmt":"2012-07-07T19:37:52","slug":"bayerns-justizministerin-dr-beate-merk-begrust-einfuhrung-des-warnschussarrests","status":"publish","type":"post","link":"https:\/\/www.frankensicht.de\/?p=3240","title":{"rendered":"Bayerns Justizministerin Dr. Beate Merk begr\u00fc\u00dft Einf\u00fchrung des Warnschussarrests"},"content":{"rendered":"<p><span style=\"color: #ff0000;\">M\u00fcnchen:<\/span><br \/>\n&#8222;Dringend erforderlich ist aber auch eine Ausweitung des Jugendarrests von maximal vier Wochen auf drei Monate&#8220;<\/p>\n<p><a href=\"https:\/\/www.frankensicht.de\/?attachment_id=3276\" rel=\"attachment wp-att-3276\"><img loading=\"lazy\" decoding=\"async\" class=\"alignnone size-medium wp-image-3276\" title=\"knast\" src=\"https:\/\/www.frankensicht.de\/wp-content\/uploads\/2012\/07\/knast-300x225.png\" alt=\"\" width=\"300\" height=\"225\" srcset=\"https:\/\/www.frankensicht.de\/wp-content\/uploads\/2012\/07\/knast-300x225.png 300w, https:\/\/www.frankensicht.de\/wp-content\/uploads\/2012\/07\/knast.png 840w\" sizes=\"auto, (max-width: 300px) 100vw, 300px\" \/><\/a><\/p>\n<p>Bayerns Justizministerin Dr. Beate Merk begr\u00fc\u00dft<br \/>\ndie heute vom Bundesrat gebilligte Einf\u00fchrung eines<br \/>\nWarnschussarrests f\u00fcr Jugendliche, die es den Jugendrichtern<br \/>\nerm\u00f6glicht, neben einer zur Bew\u00e4hrung ausgesetzten<br \/>\nJugendstrafe zus\u00e4tzlich bis zu vier Wochen Jugendarrest<br \/>\nzu verh\u00e4ngen. &#8222;Damit kommt eine Forderung, die Bayern<br \/>\nschon seit langem erhoben hat, jetzt ins Bundesgesetzblatt&#8220;,<br \/>\nso Merk. &#8222;Diese M\u00f6glichkeit ist deshalb so wichtig,<br \/>\nweil es F\u00e4lle gibt, in denen Jugendlichen der Ernst<br \/>\neiner Bew\u00e4hrungsstrafe klargemacht werden muss, damit<br \/>\ndiese sie nicht als Freispruch, sondern als ernsthafte<br \/>\nWarnung empfinden!&#8220;<\/p>\n<p>&nbsp;<\/p>\n<p>Wichtig ist<br \/>\nlaut Merk aber auch, dass der Gesetzgeber beim Jugendarrest<br \/>\nam Ball bleibt und in einem weiteren Punkt nachbessert.<br \/>\nMerk erinnerte in diesem Zusammenhang an ihre Forderung,<br \/>\nden Jugendarrest von auf maximal 4 Wochen auf drei<br \/>\nMonate zu verl\u00e4ngern. &#8222;Wir m\u00fcssen noch eine Stufe<br \/>\nvor der Bew\u00e4hrungsstrafe ansetzen k\u00f6nnen, beim Jugendarrest,<br \/>\nder gegen Jugendliche verh\u00e4ngt wird, bei denen Jugendstrafe<br \/>\nnicht geboten ist&#8220;, so Merk. Der Jugendarrest ist nach<br \/>\nderzeit geltendem Recht auf maximal vier Wochen beschr\u00e4nkt.<br \/>\nMerk: &#8222;Aus Gespr\u00e4chen mit Experten wei\u00df ich aber,<br \/>\ndass das mitunter nicht gen\u00fcgt, um an die Jugendlichen<br \/>\nwirklich heranzukommen und mit ihnen therapeutisch<br \/>\nzu arbeiten. es geht also nichts ums Wegsperren, sondern<br \/>\ndarum, auf die Jugendlichen einzuwirken.&#8220;<\/p>\n<p>Quelle: stmj.bayern.de<\/p>\n<p>&nbsp;<\/p>\n<p>&nbsp;<\/p>\n","protected":false},"excerpt":{"rendered":"<p>M\u00fcnchen: &#8222;Dringend erforderlich ist aber auch eine Ausweitung des Jugendarrests von maximal vier Wochen auf drei Monate&#8220; Bayerns Justizministerin Dr. Beate Merk begr\u00fc\u00dft die heute vom Bundesrat gebilligte Einf\u00fchrung eines Warnschussarrests f\u00fcr Jugendliche, die es den Jugendrichtern erm\u00f6glicht, neben einer zur Bew\u00e4hrung ausgesetzten Jugendstrafe zus\u00e4tzlich bis zu vier Wochen Jugendarrest zu verh\u00e4ngen. &#8222;Damit kommt eine [&hellip;]<\/p>\n","protected":false},"author":7,"featured_media":3276,"comment_status":"open","ping_status":"open","sticky":false,"template":"","format":"standard","meta":{"footnotes":""},"categories":[78,71],"tags":[230],"class_list":["post-3240","post","type-post","status-publish","format-standard","has-post-thumbnail","hentry","category-bayern","category-menue","tag-warnschussarrest"],"_links":{"self":[{"href":"https:\/\/www.frankensicht.de\/index.php?rest_route=\/wp\/v2\/posts\/3240","targetHints":{"allow":["GET"]}}],"collection":[{"href":"https:\/\/www.frankensicht.de\/index.php?rest_route=\/wp\/v2\/posts"}],"about":[{"href":"https:\/\/www.frankensicht.de\/index.php?rest_route=\/wp\/v2\/types\/post"}],"author":[{"embeddable":true,"href":"https:\/\/www.frankensicht.de\/index.php?rest_route=\/wp\/v2\/users\/7"}],"replies":[{"embeddable":true,"href":"https:\/\/www.frankensicht.de\/index.php?rest_route=%2Fwp%2Fv2%2Fcomments&post=3240"}],"version-history":[{"count":0,"href":"https:\/\/www.frankensicht.de\/index.php?rest_route=\/wp\/v2\/posts\/3240\/revisions"}],"wp:featuredmedia":[{"embeddable":true,"href":"https:\/\/www.frankensicht.de\/index.php?rest_route=\/wp\/v2\/media\/3276"}],"wp:attachment":[{"href":"https:\/\/www.frankensicht.de\/index.php?rest_route=%2Fwp%2Fv2%2Fmedia&parent=3240"}],"wp:term":[{"taxonomy":"category","embeddable":true,"href":"https:\/\/www.frankensicht.de\/index.php?rest_route=%2Fwp%2Fv2%2Fcategories&post=3240"},{"taxonomy":"post_tag","embeddable":true,"href":"https:\/\/www.frankensicht.de\/index.php?rest_route=%2Fwp%2Fv2%2Ftags&post=3240"}],"curies":[{"name":"wp","href":"https:\/\/api.w.org\/{rel}","templated":true}]}}