{"id":3214,"date":"2012-07-10T07:43:49","date_gmt":"2012-07-10T05:43:49","guid":{"rendered":"http:\/\/www.frankensicht.de\/?p=3214"},"modified":"2012-07-10T07:43:49","modified_gmt":"2012-07-10T05:43:49","slug":"starkung-der-partizipation-von-migrantenorganisationen","status":"publish","type":"post","link":"https:\/\/www.frankensicht.de\/?p=3214","title":{"rendered":"St\u00e4rkung der Partizipation von Migrantenorganisationen"},"content":{"rendered":"<p><span style=\"color: #ff0000;\">Berlin:<\/span><\/p>\n<p>Pilotprojekt des Bundesfamilienministeriums und der Bundeszentrale f\u00fcr politische<br \/>\nBildung geht in sechs Bundesl\u00e4ndern an den Start \/ Junge Menschen mit<br \/>\nMigrationshintergrund: Vielfalt und Teilhabe im \u00dcbergang Schule &#8211; Beruf<\/p>\n<p><a href=\"https:\/\/www.frankensicht.de\/?attachment_id=3216\" rel=\"attachment wp-att-3216\"><img loading=\"lazy\" decoding=\"async\" class=\"alignnone size-medium wp-image-3216\" title=\"migration\" src=\"https:\/\/www.frankensicht.de\/wp-content\/uploads\/2012\/07\/migration-300x187.jpg\" alt=\"\" width=\"300\" height=\"187\" srcset=\"https:\/\/www.frankensicht.de\/wp-content\/uploads\/2012\/07\/migration-300x187.jpg 300w, https:\/\/www.frankensicht.de\/wp-content\/uploads\/2012\/07\/migration.jpg 640w\" sizes=\"auto, (max-width: 300px) 100vw, 300px\" \/><\/a><\/p>\n<p>&nbsp;<\/p>\n<p>Am 5. Juli (heute) er\u00f6ffnet in K\u00f6ln das interkulturelle Projektb\u00fcro des<br \/>\nbundesweiten Modellprojekts MIGoVITA &#8211; Junge Menschen mit Migrationshintergrund:<br \/>\nVielfalt und Teilhabe am \u00dcbergang Schule &#8211; Beruf. \u00dcber einen Zeitraum von<br \/>\n3 Jahren erhalten Migrantenorganisationen mit t\u00fcrkischem und russischem<br \/>\nHintergrund sowie Sinti und Roma in 10 St\u00e4dten professionelle Schulung und<br \/>\nUnterst\u00fctzung rund um das Thema &#8222;Bildung&#8220;. Das interkulturell besetzte<br \/>\nP\u00e4dagogenteam in K\u00f6ln entwickelt die Konzepte dazu und koordiniert die Arbeit von<br \/>\nMultiplikatoren.<\/p>\n<p>Ziel der Qualifizierung von Migrantenorganisationen in diesem Themenfeld ist es,<br \/>\ndie Teilhabechancen von jungen Menschen mit Migrationshintergrund zu erh\u00f6hen und<br \/>\nAusgrenzungen und Diskriminierungen auf dem Ausbildungs- und Arbeitsmarkt<br \/>\nentgegen zu wirken. Dabei ist eine enge Zusammenarbeit mit dem Netzwerk der<br \/>\nInitiative JUGEND ST\u00c4RKEN vorgesehen.<\/p>\n<p>Trotz einer zunehmenden Entspannung auf dem Ausbildungs- und Arbeitsmarkt gibt es<br \/>\nvor allem bei Jugendlichen mit Migrationshintergrund weiterhin ungenutzte<br \/>\nPotenziale: Laut Berufsbildungsbericht 2012 verlassen immer noch rund<br \/>\n12,8 Prozent von ihnen die Schule ohne Abschluss; die<br \/>\nAusbildungsbeteiligungsquote junger Ausl\u00e4nderinnen und Ausl\u00e4nder ist mit<br \/>\n33,5 Prozent nur halb so hoch wie die deutscher Jugendlicher.<\/p>\n<p>&#8222;Es ist wichtig, auch Migrantenorganisationen bei der F\u00f6rderung von jungen<br \/>\nMenschen mit Migrationshintergrund fr\u00fchzeitig einzubinden, um noch besseren<br \/>\nZugang zu ihnen zu erhalten und auch diejenigen zu erreichen, die sich durch die<br \/>\nbisherigen Angebote nicht angesprochen f\u00fchlen&#8220;, betont Bundesministerin f\u00fcr<br \/>\nFamilie, Senioren, Frauen und Jugend Kristina Schr\u00f6der. &#8222;Dies wollen wir mit<br \/>\neinem interkulturellen Team erreichen, um Hemmschwellen und Ber\u00fchrungs\u00e4ngste<br \/>\nabzubauen!&#8220;<\/p>\n<p>Thomas Kr\u00fcger, Pr\u00e4sident der bpb, h\u00e4lt fest: &#8222;Dieses Pilotprojekt baut auf<br \/>\nmehrj\u00e4hrige Erfahrungen auf, die wir bei der Qualifizierung f\u00fcr russischsprachige<br \/>\nEltern gemacht haben. Von der interkulturellen \u00d6ffnung versprechen wir uns einen<br \/>\nhohen Mehrwert und hoffen, dass dieses besondere Kooperationsmodell die<br \/>\nZusammenarbeit mit Migrantenorganisationen untereinander etablieren wird.&#8220;<\/p>\n<p>Das vom Bundesfamilienministerium und der Bundeszentrale f\u00fcr politische Bildung<br \/>\nfinanzierte Projekt wird durch die Otto Benecke Stiftung e.V. in Kooperation mit<br \/>\ndem interkulturellen Jugendverband der Roma und Nicht-Roma, Amaro Drom e.V., der<br \/>\nSelbstorganisation Russischsprachiger, PHOENIX-K\u00f6ln e.V. und der Stiftung Zentrum<br \/>\nf\u00fcr T\u00fcrkeistudien und Integrationsforschung umgesetzt.<\/p>\n<p>Quelle: \u00a0bmfsfj.bund.de<\/p>\n","protected":false},"excerpt":{"rendered":"<p>Berlin: Pilotprojekt des Bundesfamilienministeriums und der Bundeszentrale f\u00fcr politische Bildung geht in sechs Bundesl\u00e4ndern an den Start \/ Junge Menschen mit Migrationshintergrund: Vielfalt und Teilhabe im \u00dcbergang Schule &#8211; Beruf &nbsp; Am 5. Juli (heute) er\u00f6ffnet in K\u00f6ln das interkulturelle Projektb\u00fcro des bundesweiten Modellprojekts MIGoVITA &#8211; Junge Menschen mit Migrationshintergrund: Vielfalt und Teilhabe am \u00dcbergang [&hellip;]<\/p>\n","protected":false},"author":7,"featured_media":3216,"comment_status":"open","ping_status":"open","sticky":false,"template":"","format":"standard","meta":{"footnotes":""},"categories":[3,17],"tags":[727],"class_list":["post-3214","post","type-post","status-publish","format-standard","has-post-thumbnail","hentry","category-news","category-politik","tag-migration"],"_links":{"self":[{"href":"https:\/\/www.frankensicht.de\/index.php?rest_route=\/wp\/v2\/posts\/3214","targetHints":{"allow":["GET"]}}],"collection":[{"href":"https:\/\/www.frankensicht.de\/index.php?rest_route=\/wp\/v2\/posts"}],"about":[{"href":"https:\/\/www.frankensicht.de\/index.php?rest_route=\/wp\/v2\/types\/post"}],"author":[{"embeddable":true,"href":"https:\/\/www.frankensicht.de\/index.php?rest_route=\/wp\/v2\/users\/7"}],"replies":[{"embeddable":true,"href":"https:\/\/www.frankensicht.de\/index.php?rest_route=%2Fwp%2Fv2%2Fcomments&post=3214"}],"version-history":[{"count":0,"href":"https:\/\/www.frankensicht.de\/index.php?rest_route=\/wp\/v2\/posts\/3214\/revisions"}],"wp:featuredmedia":[{"embeddable":true,"href":"https:\/\/www.frankensicht.de\/index.php?rest_route=\/wp\/v2\/media\/3216"}],"wp:attachment":[{"href":"https:\/\/www.frankensicht.de\/index.php?rest_route=%2Fwp%2Fv2%2Fmedia&parent=3214"}],"wp:term":[{"taxonomy":"category","embeddable":true,"href":"https:\/\/www.frankensicht.de\/index.php?rest_route=%2Fwp%2Fv2%2Fcategories&post=3214"},{"taxonomy":"post_tag","embeddable":true,"href":"https:\/\/www.frankensicht.de\/index.php?rest_route=%2Fwp%2Fv2%2Ftags&post=3214"}],"curies":[{"name":"wp","href":"https:\/\/api.w.org\/{rel}","templated":true}]}}