{"id":3170,"date":"2012-07-06T08:09:19","date_gmt":"2012-07-06T06:09:19","guid":{"rendered":"http:\/\/www.frankensicht.de\/?p=3170"},"modified":"2012-07-06T08:09:19","modified_gmt":"2012-07-06T06:09:19","slug":"beate-merk-zum-sorgerecht-lediger-vater-ein-verfahren-nach-schema-f-wird-dem-kindeswohl-nicht-gerecht","status":"publish","type":"post","link":"https:\/\/www.frankensicht.de\/?p=3170","title":{"rendered":"Beate Merk zum Sorgerecht lediger V\u00e4ter: &#8222;Ein Verfahren nach Schema F wird dem Kindeswohl nicht gerecht!&#8220;"},"content":{"rendered":"<p><span style=\"color: #ff0000;\">M\u00fcnchen<\/span><br \/>\nBayerns Justizministerin Dr. Beate Merk kritisiert<br \/>\nin einigen zentralen Punkten die f\u00fcr heute erwartete<br \/>\nRegelung zum Sorgerecht lediger V\u00e4ter:<\/p>\n<p><a href=\"https:\/\/www.frankensicht.de\/?attachment_id=3193\" rel=\"attachment wp-att-3193\"><img loading=\"lazy\" decoding=\"async\" class=\"alignnone size-medium wp-image-3193\" title=\"sorgerecht\" src=\"https:\/\/www.frankensicht.de\/wp-content\/uploads\/2012\/07\/sorgerecht-300x187.jpg\" alt=\"\" width=\"300\" height=\"187\" srcset=\"https:\/\/www.frankensicht.de\/wp-content\/uploads\/2012\/07\/sorgerecht-300x187.jpg 300w, https:\/\/www.frankensicht.de\/wp-content\/uploads\/2012\/07\/sorgerecht.jpg 640w\" sizes=\"auto, (max-width: 300px) 100vw, 300px\" \/><\/a><\/p>\n<p>Der<br \/>\nGrundgedanke, dass eine gemeinsame Sorge auf Antrag<br \/>\ndes Vaters durch das Familiengericht begr\u00fcndet werden<br \/>\nkann, wenn dies dem Kindeswohl nicht widerspricht,<br \/>\nsei zwar zutreffend. Hierdurch w\u00fcrden Entscheidungen<br \/>\ndes Bundesverfassungsgerichts und des Europ\u00e4ischen<br \/>\nGerichtshofs f\u00fcr Menschenrechte umgesetzt.<\/p>\n<p>&nbsp;<\/p>\n<p>&#8222;Der<br \/>\nBlick aufs Detail erf\u00fcllt mich aber mit gro\u00dfer Sorge&#8220;,<br \/>\nso Merk. &#8222;Hier wird ein Verfahren nach Schema F eingef\u00fchrt,<br \/>\ndas der Bedeutung des Sorgerechts nicht gerecht wird.<br \/>\nScheinbare Effizienz geht zu Lasten des Kindeswohls.&#8220;<\/p>\n<p>&nbsp;<\/p>\n<p>Laut<br \/>\nMerk ist es in keiner Weise akzeptabel, dass die gemeinsame<br \/>\nSorge in Zukunft ohne Anh\u00f6rung der Eltern im schriftlichen<br \/>\nVerfahren begr\u00fcndet werden soll, wenn die Mutter dem<br \/>\nAntrag des Vaters nicht innerhalb von sechs Wochen<br \/>\nab der Geburt widerspricht. &#8222;Nur im pers\u00f6nlichen Gespr\u00e4ch<br \/>\nkann das Gericht doch wirklich feststellen, wie die<br \/>\ntats\u00e4chlichen Umst\u00e4nde sind, ob Missverst\u00e4ndnisse<br \/>\nder Eltern ausger\u00e4umt werden k\u00f6nnen und ob vielleicht<br \/>\neine einvernehmliche L\u00f6sung erreicht werden kann.<br \/>\nUnd v\u00f6llig verfehlt ist es, dass sogar dann schriftlich<br \/>\nentschieden werden soll, wenn die Mutter rechtzeitig<br \/>\nEinw\u00e4nde vorbringt, das Gericht deren Darlegung aber<br \/>\nnicht f\u00fcr ausreichend h\u00e4lt. Dann muss doch der Mutter<br \/>\nGelegenheit gegeben werden, diese zu erl\u00e4utern!&#8220;<\/p>\n<p>&nbsp;<\/p>\n<p>Die<br \/>\n6-Wochen-Frist f\u00fcr die Erkl\u00e4rung der Mutter h\u00e4lt<br \/>\nMerk f\u00fcr zu knapp. &#8222;Sie tr\u00e4gt der schwierigen Situation<br \/>\nder M\u00fctter unmittelbar nach der Geburt in keiner Weise<br \/>\nRechnung, auch wenn sie das Gericht im Einzelfall verl\u00e4ngern<br \/>\nkann&#8220;, so Merk. &#8222;Stattdessen sollte man sich zum Beispiel<br \/>\nan den gesetzlichen Mutterschutzfristen im Arbeitsrecht<br \/>\norientieren, die grunds\u00e4tzlich acht Wochen betragen.&#8220;<\/p>\n<p>Quelle:stmj.bayern.de<\/p>\n<p>&nbsp;<\/p>\n<p>&nbsp;<\/p>\n<p>&nbsp;<\/p>\n","protected":false},"excerpt":{"rendered":"<p>M\u00fcnchen Bayerns Justizministerin Dr. Beate Merk kritisiert in einigen zentralen Punkten die f\u00fcr heute erwartete Regelung zum Sorgerecht lediger V\u00e4ter: Der Grundgedanke, dass eine gemeinsame Sorge auf Antrag des Vaters durch das Familiengericht begr\u00fcndet werden kann, wenn dies dem Kindeswohl nicht widerspricht, sei zwar zutreffend. Hierdurch w\u00fcrden Entscheidungen des Bundesverfassungsgerichts und des Europ\u00e4ischen Gerichtshofs f\u00fcr [&hellip;]<\/p>\n","protected":false},"author":7,"featured_media":3193,"comment_status":"open","ping_status":"open","sticky":false,"template":"","format":"standard","meta":{"footnotes":""},"categories":[78,71],"tags":[716],"class_list":["post-3170","post","type-post","status-publish","format-standard","has-post-thumbnail","hentry","category-bayern","category-menue","tag-sorgerecht-vater"],"_links":{"self":[{"href":"https:\/\/www.frankensicht.de\/index.php?rest_route=\/wp\/v2\/posts\/3170","targetHints":{"allow":["GET"]}}],"collection":[{"href":"https:\/\/www.frankensicht.de\/index.php?rest_route=\/wp\/v2\/posts"}],"about":[{"href":"https:\/\/www.frankensicht.de\/index.php?rest_route=\/wp\/v2\/types\/post"}],"author":[{"embeddable":true,"href":"https:\/\/www.frankensicht.de\/index.php?rest_route=\/wp\/v2\/users\/7"}],"replies":[{"embeddable":true,"href":"https:\/\/www.frankensicht.de\/index.php?rest_route=%2Fwp%2Fv2%2Fcomments&post=3170"}],"version-history":[{"count":0,"href":"https:\/\/www.frankensicht.de\/index.php?rest_route=\/wp\/v2\/posts\/3170\/revisions"}],"wp:featuredmedia":[{"embeddable":true,"href":"https:\/\/www.frankensicht.de\/index.php?rest_route=\/wp\/v2\/media\/3193"}],"wp:attachment":[{"href":"https:\/\/www.frankensicht.de\/index.php?rest_route=%2Fwp%2Fv2%2Fmedia&parent=3170"}],"wp:term":[{"taxonomy":"category","embeddable":true,"href":"https:\/\/www.frankensicht.de\/index.php?rest_route=%2Fwp%2Fv2%2Fcategories&post=3170"},{"taxonomy":"post_tag","embeddable":true,"href":"https:\/\/www.frankensicht.de\/index.php?rest_route=%2Fwp%2Fv2%2Ftags&post=3170"}],"curies":[{"name":"wp","href":"https:\/\/api.w.org\/{rel}","templated":true}]}}