{"id":3162,"date":"2012-07-04T13:30:02","date_gmt":"2012-07-04T11:30:02","guid":{"rendered":"http:\/\/www.frankensicht.de\/?p=3162"},"modified":"2024-01-25T09:01:32","modified_gmt":"2024-01-25T08:01:32","slug":"mit-der-zeitmaschine-auf-der-suche-nach-der-eigenen-identitat","status":"publish","type":"post","link":"https:\/\/www.frankensicht.de\/?p=3162","title":{"rendered":"Mit der Zeitmaschine auf der Suche nach der eigenen Identit\u00e4t"},"content":{"rendered":"<p><span style=\"color: #ff0000;\">N\u00fcrnberg:<\/span><a href=\"https:\/\/www.frankensicht.de\/?attachment_id=3163\" rel=\"attachment wp-att-3163\"><img loading=\"lazy\" decoding=\"async\" class=\"alignnone size-medium wp-image-3163\" title=\"nuernberger-geschichte\" src=\"https:\/\/www.frankensicht.de\/wp-content\/uploads\/2012\/07\/nuernberger-geschichte-300x187.jpg\" alt=\"\" width=\"300\" height=\"187\" srcset=\"https:\/\/www.frankensicht.de\/wp-content\/uploads\/2012\/07\/nuernberger-geschichte-300x187.jpg 300w, https:\/\/www.frankensicht.de\/wp-content\/uploads\/2012\/07\/nuernberger-geschichte.jpg 640w\" sizes=\"auto, (max-width: 300px) 100vw, 300px\" \/><\/a><\/p>\n<p>Zeitreise in die N\u00fcrnberger, fr\u00e4nkische und bayerische Geschichte &#8211; Zweites Landesgeschichtsforum am 6. und 7. Juli in der Noris &#8211; Blick auf Zuwanderer und Heimat<\/p>\n<p>Reichs- und B\u00fcrgerstadt, Handelszentrum mit weltweiten Verbindungen; Kristallisationsort b\u00fcrgerlichen Selbstbewusstseins und frommer Gemeinschaften; Stadt der religi\u00f6sen Auseinandersetzung in der fr\u00fchen Neuzeit und der Toleranz; Industriestadt und Dienstleistungszentrum; Ort der braunen Aufm\u00e4rsche, aber auch des Schlussstrichs unter die menschenverachtende NS-Diktatur und Geburtsort der wiedererwachenden Demokratie. Die Facetten der N\u00fcrnberger Geschichte sind vielf\u00e4ltig, sie sind ein Kern der fr\u00e4nkischen Geschichte, seit dem fr\u00fchen 19. Jahrhundert engstens verwoben mit der Modernisierung Bayerns. In N\u00fcrnberg kann man Geschichte anfassen, ihr nachgehen, und im Schatten von St. Sebald und St. Lorenz die Frage nach der eigenen Identit\u00e4t stellen.<br \/>\nGenau dazu laden die Bayerische Landeszentrale f\u00fcr politische Bildungsarbeit und die Stadt N\u00fcrnberg gemeinsam mit den staatlichen Archiven und vielf\u00e4ltigen Organisationen die Menschen ein, die an Geschichte Interesse haben. Am 6. und 7. Juli k\u00f6nnen Interessierte in der Noris in die &#8222;Zeitmaschine&#8220; einsteigen. Sie motivieren dazu, sich in \u00fcber 60 Veranstaltungen, Ausstellungen und bei F\u00fchrungen mit Hilfe von Experten, Dokumenten und an historischen Orten in die Vergangenheit zu begeben und zugleich das Heute als Ergebnis des Vergangenen wahrzunehmen. Und sie nehmen das Angebot des &#8222;Tages der Franken&#8220; am 7. Juli in ihre Zeitmaschine voll mit hinein.<\/p>\n<p>Zeitreise vom 11. Jahrhundert bis in die Gegenwart &#8211; Von der Kaiserburg zum Memorium N\u00fcrnberger Prozesse<\/p>\n<p>Das Kultusministerium, die Stadt N\u00fcrnberg mit ihrer reichhaltigen Museenlandschaft, der Verein f\u00fcr Geschichte der Stadt N\u00fcrnberg, die Altstadtfreunde und viele Einrichtungen bieten gleichsam eine Zeitreise an: von der Gr\u00fcndungsphase N\u00fcrnbergs im 11. Jahrhundert, als das Zentrum der Geschichte des ostfr\u00e4nkisch-deutschen Reichs gerade in diesem Raum so greifbar war, bis in die Gegenwart: bl\u00fchende Metropolregion mit hohem Lebenswert und dem Miteinander von Religionen &#8211; Frucht auch einer \u00fcber Jahrhunderte immer wieder neuen Zuwanderung &#8211; regionaler Binnenmigration vom Frankenwald bis zur Oberpfalz und Fernzuwanderung im Wirtschaftswunder in den 1950er, 1960er und 1970er Jahren &#8211; von Portugal \u00fcber Italien bis zur T\u00fcrkei.<br \/>\nZu den gro\u00dfen Namen der &#8222;Menschen mit Migrationshintergrund&#8220; an der Schwelle vom Mittelalter zur Neuzeit geh\u00f6rt auch Albrecht D\u00fcrer, dessen Vater als Zuwanderer nach N\u00fcrnberg kam.<br \/>\nN\u00fcrnberg steht nicht nur mit Blick auf D\u00fcrer f\u00fcr die Kreativit\u00e4t und den Erfolg, den Einheimische und Zuwanderer erreicht haben, musste aber &#8211; im Laufe der Jahrhunderte, nicht nur in der j\u00fcngsten Zeit &#8211; auch viele Schl\u00e4ge hinnehmen: Die unfassbaren Kriegszerst\u00f6rungen geh\u00f6ren ebenso dazu wie die Schlie\u00dfung von Werken mit ber\u00fchmten Namen und die Frage nach dem Schicksal der Menschen, die sich dem Rad der Geschichte nicht widersetzen konnten.<\/p>\n<p>Sch\u00fcler gestalten Markt der historischen M\u00f6glichkeiten am Johannes- Scharrer-Gymnasium<\/p>\n<p>Gestartet wird die Zeitmaschine im Johannes-Scharrer-Gymnasium in der Tetzelgasse 20 am 6. Juli um 11 Uhr von Bayerns Kultusminister Dr. Ludwig Spaenle und dem N\u00fcrnberger B\u00fcrgermeister Dr. Klemens Gsell. Auf einem Markt der M\u00f6glichkeiten zeigen rund 20 Schulen Ausschnitte der Geschichte, nennen Handlungstr\u00e4ger und von diesen Bestimmte.<\/p>\n<p>Podium auf der Kaiserburg &#8211; &#8222;Nur wer wei\u00df, woher er kommt &amp;hellip;&#8220;<\/p>\n<p>Die Frage nach dem Woher und zugleich dem Wohin wird am Freitagabend, 6. Juli, ab 20 Uhr im Rittersaal der Kaiserburg von Kultusminister Spaenle, selbst Landeshistoriker und Initiator der Zeitmaschine, zusammen mit der N\u00fcrnberger Kulturreferentin Prof. Julia Lehner aufgeworfen. Gemeinsam mit dem Nestor der bayerischen Landesgeschichte, Prof. Ferdinand Kramer, dem oberfr\u00e4nkischen Bezirksheimatpfleger Prof. G\u00fcnter Dippold sowie der N\u00fcrnberger Geschichtsdidaktikerin Prof. Charlotte B\u00fchl-Gramer geben sie eine Antwort darauf &#8211; &#8222;Nur wer wei\u00df, wo er herkommt &amp;hellip;.&#8220;. Sie ber\u00fccksichtigen dabei den vermeintlichen neuen Trend zur &#8222;Heimat&#8220;, zur Suche nach einer regionalen Identit\u00e4t angesichts eines vermeintlichen &#8222;global village&#8220;.<\/p>\n<p>Ausstellungen zur Industriegeschichte und den Zuwanderern<\/p>\n<p>Die zentrale Rolle N\u00fcrnbergs und Frankens in der Industrialisierung greift das Museum Industriekultur in der \u00c4u\u00dferen Sulzbacher Str. 62 am Samstagmittag, 7. Juli, ab 14 Uhr in einer kleinen Tagung auf.<br \/>\nDas Staatsarchiv und das Stadtarchiv laden auch \u00fcber den 7. Juli hinaus dazu ein, sich mit Hilfe einer Ausstellung in der Archivstra\u00dfe 17 unter dem Motto &#8222;Dageblieben!&#8220; der Zuwanderung nach N\u00fcrnberg gestern und heute zu stellen, aber auch Menschen wahrzunehmen, die aus Mittelfranken im 19. Jahrhundert vor allem in die Vereinigten Staaten ausgewandert sind &#8211; auf der Suche nach Freiheit und Wohlstand.<\/p>\n<p>Vielf\u00e4ltige F\u00fchrungen zu Orten, an denen die Reichen und M\u00e4chtigen das Schicksal der Menschen bestimmt; an denen die Pfeffers\u00e4cke rauschende Feste gefeiert haben; an denen Menschen Leid erduldet haben und an denen das Spielzeug f\u00fcr die Kleinsten und Kleinen hergestellt wurde, runden das Programm der Zeitmaschine in N\u00fcrnberg ab.<\/p>\n<p>Schulen werden f\u00fcr &#8222;Erinnerungszeichen&#8220; geehrt<\/p>\n<p>Im Rahmen des 2. Landesgeschichtsforums ehrt Bayerns Kultusminister Spaenle auch die Sieger des Landeswettbewerbs &#8222;Erinnerungszeichen&#8220; 2011\/2012. Mit der &#8222;Alltagsgeschichte auf dem Land und in der Stadt&#8220; im 20. Jahrhundert, aber auch in der Zeit davor hatten sich Schulen aus ganz Bayern auseinandergesetzt. Das Themenspektrum scheint kein Ende zu finden: Es reicht von Arbeiten zu einem kleinen Schloss in Mittelfranken &#8211; das Schloss Sch\u00f6nleiten &#8211; und zur &#8222;Entdeckung der Kaffeehauskultur&#8220; am Beispiel von Augsburg \u00fcber eine &#8222;Gefangenschaft im Zweiten Weltkrieg&#8220; und den Wandel im Schulalltag bis zur Geschichte der Stadt Weiden und &#8222;Waschschiffe in W\u00fcrzburg und anderswo&#8220;.<\/p>\n<p>Weitere Informationen sind zu erhalten \u00fcber die Bayerische Landeszentrale f\u00fcr politische Bildungsarbeit, das Kulturreferat der Stadt N\u00fcrnberg, die beteiligten Schulen, Einrichtungen und Vereine sowie \u00fcber das Internet unter www.zeitmaschine-bayern.de<\/p>\n<p>Quelle: stmuk.bayern.de<\/p>\n","protected":false},"excerpt":{"rendered":"<p>N\u00fcrnberg: Zeitreise in die N\u00fcrnberger, fr\u00e4nkische und bayerische Geschichte &#8211; Zweites Landesgeschichtsforum am 6. und 7. Juli in der Noris &#8211; Blick auf Zuwanderer und Heimat Reichs- und B\u00fcrgerstadt, Handelszentrum mit weltweiten Verbindungen; Kristallisationsort b\u00fcrgerlichen Selbstbewusstseins und frommer Gemeinschaften; Stadt der religi\u00f6sen Auseinandersetzung in der fr\u00fchen Neuzeit und der Toleranz; Industriestadt und Dienstleistungszentrum; Ort der [&hellip;]<\/p>\n","protected":false},"author":7,"featured_media":3163,"comment_status":"closed","ping_status":"open","sticky":false,"template":"","format":"standard","meta":{"footnotes":""},"categories":[71,85,100],"tags":[4197],"class_list":["post-3162","post","type-post","status-publish","format-standard","has-post-thumbnail","hentry","category-menue","category-mittelfranken","category-nurnberg-mittelfranken","tag-zeitmaschine"],"_links":{"self":[{"href":"https:\/\/www.frankensicht.de\/index.php?rest_route=\/wp\/v2\/posts\/3162","targetHints":{"allow":["GET"]}}],"collection":[{"href":"https:\/\/www.frankensicht.de\/index.php?rest_route=\/wp\/v2\/posts"}],"about":[{"href":"https:\/\/www.frankensicht.de\/index.php?rest_route=\/wp\/v2\/types\/post"}],"author":[{"embeddable":true,"href":"https:\/\/www.frankensicht.de\/index.php?rest_route=\/wp\/v2\/users\/7"}],"replies":[{"embeddable":true,"href":"https:\/\/www.frankensicht.de\/index.php?rest_route=%2Fwp%2Fv2%2Fcomments&post=3162"}],"version-history":[{"count":1,"href":"https:\/\/www.frankensicht.de\/index.php?rest_route=\/wp\/v2\/posts\/3162\/revisions"}],"predecessor-version":[{"id":16436,"href":"https:\/\/www.frankensicht.de\/index.php?rest_route=\/wp\/v2\/posts\/3162\/revisions\/16436"}],"wp:featuredmedia":[{"embeddable":true,"href":"https:\/\/www.frankensicht.de\/index.php?rest_route=\/wp\/v2\/media\/3163"}],"wp:attachment":[{"href":"https:\/\/www.frankensicht.de\/index.php?rest_route=%2Fwp%2Fv2%2Fmedia&parent=3162"}],"wp:term":[{"taxonomy":"category","embeddable":true,"href":"https:\/\/www.frankensicht.de\/index.php?rest_route=%2Fwp%2Fv2%2Fcategories&post=3162"},{"taxonomy":"post_tag","embeddable":true,"href":"https:\/\/www.frankensicht.de\/index.php?rest_route=%2Fwp%2Fv2%2Ftags&post=3162"}],"curies":[{"name":"wp","href":"https:\/\/api.w.org\/{rel}","templated":true}]}}