{"id":3155,"date":"2012-07-04T07:45:02","date_gmt":"2012-07-04T05:45:02","guid":{"rendered":"http:\/\/www.frankensicht.de\/?p=3155"},"modified":"2012-07-04T07:45:02","modified_gmt":"2012-07-04T05:45:02","slug":"kunstpalais-zeigt-ab-donnerstag-parcours","status":"publish","type":"post","link":"https:\/\/www.frankensicht.de\/?p=3155","title":{"rendered":"Kunstpalais zeigt ab Donnerstag \u201eParcours\u201c"},"content":{"rendered":"<p><span style=\"color: #ff0000;\">Erlangen:<\/span><\/p>\n<p>Mit der Ausstellung \u201eParcours\u201c zeigt das Kunstpalais der Stadt Erlangen (Marktplatz 1) ab Donnerstag, 5. Juli, Installationen und Werke des K\u00fcnstlers Peter Locher. Bei einer Pressekonferenz am Mittwoch, 4. Juli, in den R\u00e4umen des Kunstpalais informieren die Verantwortlichen \u00fcber die Ausstellung, die bis 2. September zu sehen sein wird. Locher, der aus Schwaben stammt, wurde durch raumgreifende Installationen und Werke, die sich an der Schnittstelle von Bild und Text bewegen, international bekannt. Sie waren u.a. schon in Liverpool, Sydney und New York zu sehen. Im Zentrum der Arbeiten steht \u2013 so eine Mitteilung des Kunstpalais \u2013 die kritische Analyse von Kommunikation \u00fcber die Bedeutungssysteme Sprache und Bild. Zur offiziellen Ausstellungser\u00f6ffnung am Donnerstag, 5. Juli, wird auch B\u00fcrgermeisterin Birgitt A\u00dfmus erwartet. Info: www.kunstpalais.de.<\/p>\n<p>Quelle: erlangen.de<\/p>\n<p><a href=\"https:\/\/www.frankensicht.de\/?attachment_id=1657\" rel=\"attachment wp-att-1657\"><img loading=\"lazy\" decoding=\"async\" class=\"alignnone size-full wp-image-1657\" title=\"220px-Kunstpalais_erlangen1\" src=\"https:\/\/www.frankensicht.de\/wp-content\/uploads\/2012\/05\/220px-Kunstpalais_erlangen1.jpg\" alt=\"\" width=\"220\" height=\"293\" \/>@<\/a>erlangen.de<\/p>\n<p>&nbsp;<\/p>\n<p>&nbsp;<\/p>\n","protected":false},"excerpt":{"rendered":"<p>Erlangen: Mit der Ausstellung \u201eParcours\u201c zeigt das Kunstpalais der Stadt Erlangen (Marktplatz 1) ab Donnerstag, 5. Juli, Installationen und Werke des K\u00fcnstlers Peter Locher. Bei einer Pressekonferenz am Mittwoch, 4. Juli, in den R\u00e4umen des Kunstpalais informieren die Verantwortlichen \u00fcber die Ausstellung, die bis 2. September zu sehen sein wird. Locher, der aus Schwaben stammt, [&hellip;]<\/p>\n","protected":false},"author":7,"featured_media":0,"comment_status":"open","ping_status":"open","sticky":false,"template":"","format":"standard","meta":{"footnotes":""},"categories":[111,85],"tags":[714],"class_list":["post-3155","post","type-post","status-publish","format-standard","hentry","category-erlangen-mittelfranken","category-mittelfranken","tag-parcours"],"_links":{"self":[{"href":"https:\/\/www.frankensicht.de\/index.php?rest_route=\/wp\/v2\/posts\/3155","targetHints":{"allow":["GET"]}}],"collection":[{"href":"https:\/\/www.frankensicht.de\/index.php?rest_route=\/wp\/v2\/posts"}],"about":[{"href":"https:\/\/www.frankensicht.de\/index.php?rest_route=\/wp\/v2\/types\/post"}],"author":[{"embeddable":true,"href":"https:\/\/www.frankensicht.de\/index.php?rest_route=\/wp\/v2\/users\/7"}],"replies":[{"embeddable":true,"href":"https:\/\/www.frankensicht.de\/index.php?rest_route=%2Fwp%2Fv2%2Fcomments&post=3155"}],"version-history":[{"count":0,"href":"https:\/\/www.frankensicht.de\/index.php?rest_route=\/wp\/v2\/posts\/3155\/revisions"}],"wp:attachment":[{"href":"https:\/\/www.frankensicht.de\/index.php?rest_route=%2Fwp%2Fv2%2Fmedia&parent=3155"}],"wp:term":[{"taxonomy":"category","embeddable":true,"href":"https:\/\/www.frankensicht.de\/index.php?rest_route=%2Fwp%2Fv2%2Fcategories&post=3155"},{"taxonomy":"post_tag","embeddable":true,"href":"https:\/\/www.frankensicht.de\/index.php?rest_route=%2Fwp%2Fv2%2Ftags&post=3155"}],"curies":[{"name":"wp","href":"https:\/\/api.w.org\/{rel}","templated":true}]}}