{"id":3140,"date":"2012-07-03T15:12:45","date_gmt":"2012-07-03T13:12:45","guid":{"rendered":"http:\/\/www.frankensicht.de\/?p=3140"},"modified":"2012-07-03T15:12:45","modified_gmt":"2012-07-03T13:12:45","slug":"kultusminister-spaenle-gratuliert-bischof-muller-zu-dessen-ernennung-zum-prafekt-der-glaubenskongregation","status":"publish","type":"post","link":"https:\/\/www.frankensicht.de\/?p=3140","title":{"rendered":"Kultusminister Spaenle gratuliert Bischof M\u00fcller zu dessen Ernennung zum Pr\u00e4fekt der Glaubenskongregation"},"content":{"rendered":"<p><span style=\"color: #ff0000;\">M\u00fcnchen:<\/span><\/p>\n<p>Bayerns Kultusminister Dr. Ludwig Spaenle gratulierte dem Regensburger Bischof Gerhard Ludwig M\u00fcller heute zu seiner Ernennung zum Pr\u00e4fekten der Glaubenskongregation. &#8222;Seine Berufung ist ein Vertrauensbeweis und eine gro\u00dfe Anerkennung seines bisherigen Wirkens&#8220;, sagte der Minister. Er w\u00fcrdigte ihn als einen weit \u00fcber Bayerns und Deutschlands Grenzen hinaus bekannten und anerkannten Theologen, der sich nicht nur aufgrund seiner Geradlinigkeit hohes Ansehen erworben habe.<br \/>\nMit Bischof M\u00fcller folgt nun ein weiterer Bayer Papst Benedikt XVI., der das Amt bis 2005 inne hatte, als Leiter der Glaubenskongregation nach. &#8222;F\u00fcr seine zuk\u00fcnftige Aufgabe an der r\u00f6mischen Kurie w\u00fcnsche ich Bischof M\u00fcller viel Erfolg und Gottes Segen&#8220;, so der Minister abschlie\u00dfend.<\/p>\n<p>Quelle:stmuk.bayern.de<\/p>\n<p><a href=\"https:\/\/www.frankensicht.de\/?attachment_id=3141\" rel=\"attachment wp-att-3141\"><img loading=\"lazy\" decoding=\"async\" class=\"alignnone size-full wp-image-3141\" title=\"120px-Flag_of_the_Vatican_City.svg\" src=\"https:\/\/www.frankensicht.de\/wp-content\/uploads\/2012\/07\/120px-Flag_of_the_Vatican_City.svg_.png\" alt=\"\" width=\"120\" height=\"120\" \/><\/a>@wikipedia.orf<\/p>\n<p>&nbsp;<\/p>\n","protected":false},"excerpt":{"rendered":"<p>M\u00fcnchen: Bayerns Kultusminister Dr. Ludwig Spaenle gratulierte dem Regensburger Bischof Gerhard Ludwig M\u00fcller heute zu seiner Ernennung zum Pr\u00e4fekten der Glaubenskongregation. &#8222;Seine Berufung ist ein Vertrauensbeweis und eine gro\u00dfe Anerkennung seines bisherigen Wirkens&#8220;, sagte der Minister. Er w\u00fcrdigte ihn als einen weit \u00fcber Bayerns und Deutschlands Grenzen hinaus bekannten und anerkannten Theologen, der sich nicht [&hellip;]<\/p>\n","protected":false},"author":7,"featured_media":0,"comment_status":"open","ping_status":"open","sticky":false,"template":"","format":"standard","meta":{"footnotes":""},"categories":[78,76,71],"tags":[707,709,708],"class_list":["post-3140","post","type-post","status-publish","format-standard","hentry","category-bayern","category-kirche","category-menue","tag-bischof-muller","tag-glaubenskongregation","tag-vatikan"],"_links":{"self":[{"href":"https:\/\/www.frankensicht.de\/index.php?rest_route=\/wp\/v2\/posts\/3140","targetHints":{"allow":["GET"]}}],"collection":[{"href":"https:\/\/www.frankensicht.de\/index.php?rest_route=\/wp\/v2\/posts"}],"about":[{"href":"https:\/\/www.frankensicht.de\/index.php?rest_route=\/wp\/v2\/types\/post"}],"author":[{"embeddable":true,"href":"https:\/\/www.frankensicht.de\/index.php?rest_route=\/wp\/v2\/users\/7"}],"replies":[{"embeddable":true,"href":"https:\/\/www.frankensicht.de\/index.php?rest_route=%2Fwp%2Fv2%2Fcomments&post=3140"}],"version-history":[{"count":0,"href":"https:\/\/www.frankensicht.de\/index.php?rest_route=\/wp\/v2\/posts\/3140\/revisions"}],"wp:attachment":[{"href":"https:\/\/www.frankensicht.de\/index.php?rest_route=%2Fwp%2Fv2%2Fmedia&parent=3140"}],"wp:term":[{"taxonomy":"category","embeddable":true,"href":"https:\/\/www.frankensicht.de\/index.php?rest_route=%2Fwp%2Fv2%2Fcategories&post=3140"},{"taxonomy":"post_tag","embeddable":true,"href":"https:\/\/www.frankensicht.de\/index.php?rest_route=%2Fwp%2Fv2%2Ftags&post=3140"}],"curies":[{"name":"wp","href":"https:\/\/api.w.org\/{rel}","templated":true}]}}