{"id":3082,"date":"2012-06-30T20:53:14","date_gmt":"2012-06-30T18:53:14","guid":{"rendered":"http:\/\/www.frankensicht.de\/?p=3082"},"modified":"2012-06-30T20:53:14","modified_gmt":"2012-06-30T18:53:14","slug":"munchen-bekommt-nur-nebenstelle-des-europaischen-patentgerichts","status":"publish","type":"post","link":"https:\/\/www.frankensicht.de\/?p=3082","title":{"rendered":"M\u00fcnchen bekommt nur Nebenstelle des Europ\u00e4ischen Patentgerichts"},"content":{"rendered":"<p><span style=\"color: #ff0000;\">M\u00fcnchen:<\/span><\/p>\n<p>DerHauptsitz kommt nach Paris \/ Bayerns Justizministerin Merk: &#8222;Schade, dass die guten Argumente f\u00fcr den Standort M\u00fcnchen nicht vollends durchdringen konnten!&#8220;<\/p>\n<p>Bayerns Justizministerin Dr. Beate Merk begr\u00fc\u00dft<br \/>\nzwar die heute bekannt gewordene Entscheidung der Europ\u00e4ischen<br \/>\nStaats- und Regierungschefs, wenigstens eine Nebenstelle<br \/>\ndes neuen Europ\u00e4ischen Patengerichtes nach Bayern<br \/>\nzu legen, erkl\u00e4rt aber gleichzeitig &#8222;Ich bleibe dabei:<br \/>\nM\u00fcnchen w\u00e4re der ideale Standort f\u00fcr den Hauptsitz!<br \/>\nDaf\u00fcr haben wir uns alle eingesetzt. Leider sind die<br \/>\nguten Argumente nicht vollends durchgedrungen und wir<br \/>\nkonnten nur einen Teilerfolg verbuchen!&#8220;<\/p>\n<p><a href=\"https:\/\/www.frankensicht.de\/?attachment_id=3083\" rel=\"attachment wp-att-3083\"><img loading=\"lazy\" decoding=\"async\" class=\"alignnone size-full wp-image-3083\" title=\"220px-European_Patent_Office_Munich-sign\" src=\"https:\/\/www.frankensicht.de\/wp-content\/uploads\/2012\/06\/220px-European_Patent_Office_Munich-sign.jpg\" alt=\"\" width=\"220\" height=\"165\" \/><\/a> @wikipedia.org<\/p>\n<p>Die<br \/>\nStadt habe wegen ihrer langen Tradition im Bereich<br \/>\ndes gewerblichen Rechtsschutzes in Europa eine herausragende<br \/>\nfachliche Infrastruktur. &#8222;Das und die zentrale und<br \/>\ngut erreichbare Lage mitten in Europa h\u00e4tten f\u00fcr<br \/>\nM\u00fcnchen als Hauptsitz der Zentralkammer gesprochen&#8220;,<br \/>\nso die Ministerin heute in M\u00fcnchen auf die Nachricht,<br \/>\ndass sich die europ\u00e4ischen Staats- und Regierungschefs<br \/>\noffiziell auf Paris als Hauptsitz und M\u00fcnchen und<br \/>\nLondon als Nebenstellen der Zentralkammer geeinigt<br \/>\nhaben.<\/p>\n<p>&nbsp;<\/p>\n<p>Bayerns Justizministerin<br \/>\nverwies darauf, dass M\u00fcnchen bereits Sitz des Europ\u00e4ischen<br \/>\nPatentamtes, des Bundespatentgerichtes, des Deutschen<br \/>\nPatent- und Markenamtes und wissenschaftlicher Institute<br \/>\nwie z. B. des Max-Planck-Institutes f\u00fcr Immaterialg\u00fcter-<br \/>\nund Wettbewerbsrecht ist.<\/p>\n<p>&nbsp;<\/p>\n<p>&#8222;Diese<br \/>\nInstitutionen und ihre Arbeit werden weit \u00fcber die<br \/>\nLandesgrenzen hinaus anerkannt!&#8220;, so Merk weiter. &#8222;Auch<br \/>\ndie Praxis hat sich auf den Standort M\u00fcnchen eingestellt.<br \/>\nHier gibt es zahllose hochqualifizierte und erfahrene<br \/>\nPatent- und Rechtsanw\u00e4lte und Richter aus vielen Mitgliedstaaten<br \/>\nund allen Gebieten der Technik!&#8220;<\/p>\n<p>stmug.bayern.de<\/p>\n<p>&nbsp;<\/p>\n<p>&nbsp;<\/p>\n<p>&nbsp;<\/p>\n","protected":false},"excerpt":{"rendered":"<p>M\u00fcnchen: DerHauptsitz kommt nach Paris \/ Bayerns Justizministerin Merk: &#8222;Schade, dass die guten Argumente f\u00fcr den Standort M\u00fcnchen nicht vollends durchdringen konnten!&#8220; Bayerns Justizministerin Dr. Beate Merk begr\u00fc\u00dft zwar die heute bekannt gewordene Entscheidung der Europ\u00e4ischen Staats- und Regierungschefs, wenigstens eine Nebenstelle des neuen Europ\u00e4ischen Patengerichtes nach Bayern zu legen, erkl\u00e4rt aber gleichzeitig &#8222;Ich bleibe [&hellip;]<\/p>\n","protected":false},"author":7,"featured_media":0,"comment_status":"open","ping_status":"open","sticky":false,"template":"","format":"standard","meta":{"footnotes":""},"categories":[78,71],"tags":[699],"class_list":["post-3082","post","type-post","status-publish","format-standard","hentry","category-bayern","category-menue","tag-europaisches-patentgericht"],"_links":{"self":[{"href":"https:\/\/www.frankensicht.de\/index.php?rest_route=\/wp\/v2\/posts\/3082","targetHints":{"allow":["GET"]}}],"collection":[{"href":"https:\/\/www.frankensicht.de\/index.php?rest_route=\/wp\/v2\/posts"}],"about":[{"href":"https:\/\/www.frankensicht.de\/index.php?rest_route=\/wp\/v2\/types\/post"}],"author":[{"embeddable":true,"href":"https:\/\/www.frankensicht.de\/index.php?rest_route=\/wp\/v2\/users\/7"}],"replies":[{"embeddable":true,"href":"https:\/\/www.frankensicht.de\/index.php?rest_route=%2Fwp%2Fv2%2Fcomments&post=3082"}],"version-history":[{"count":0,"href":"https:\/\/www.frankensicht.de\/index.php?rest_route=\/wp\/v2\/posts\/3082\/revisions"}],"wp:attachment":[{"href":"https:\/\/www.frankensicht.de\/index.php?rest_route=%2Fwp%2Fv2%2Fmedia&parent=3082"}],"wp:term":[{"taxonomy":"category","embeddable":true,"href":"https:\/\/www.frankensicht.de\/index.php?rest_route=%2Fwp%2Fv2%2Fcategories&post=3082"},{"taxonomy":"post_tag","embeddable":true,"href":"https:\/\/www.frankensicht.de\/index.php?rest_route=%2Fwp%2Fv2%2Ftags&post=3082"}],"curies":[{"name":"wp","href":"https:\/\/api.w.org\/{rel}","templated":true}]}}