{"id":3068,"date":"2012-07-01T08:59:54","date_gmt":"2012-07-01T06:59:54","guid":{"rendered":"http:\/\/www.frankensicht.de\/?p=3068"},"modified":"2012-07-01T08:59:54","modified_gmt":"2012-07-01T06:59:54","slug":"forschung-aus-nord-ost-oberfranken-bringt-uns-bei-energiewende-weiter","status":"publish","type":"post","link":"https:\/\/www.frankensicht.de\/?p=3068","title":{"rendered":"Forschung aus Nord-Ost-Oberfranken bringt uns bei Energiewende weiter"},"content":{"rendered":"<p>Arzberg:<br \/>\nBayerns Wirtschaftsstaatssekret\u00e4rin Hessel startet Modellversuch Smart Grid Solar in Hof und Arzberg<\/p>\n<p>Bayerns Wirtschaftsstaatssekret\u00e4rin<br \/>\nKatja Hessel gibt heute den Startschuss f\u00fcr Smart<br \/>\nGrid Solar. \u201eIch freue mich, dass es jetzt in Hof<br \/>\nund Arzberg los geht. Mit dem Modellversuch werden<br \/>\nwir wichtige Erkenntnisse gewinnen. Zum Beispiel erfahren<br \/>\nwir, wie wir den Stromanteil aus erneuerbaren Energien<br \/>\nweiter steigern und die Netze optimal nutzen k\u00f6nnen\u201c,<br \/>\nerkl\u00e4rt Hessel bei der Auftaktveranstaltung an der<br \/>\nHochschule Hof.<\/p>\n<p><a href=\"https:\/\/www.frankensicht.de\/?attachment_id=1957\" rel=\"attachment wp-att-1957\"><img loading=\"lazy\" decoding=\"async\" class=\"alignnone size-full wp-image-1957\" title=\"solarzelle\" src=\"https:\/\/www.frankensicht.de\/wp-content\/uploads\/2012\/05\/solarzelle.jpg\" alt=\"\" width=\"220\" height=\"220\" \/><\/a><\/p>\n<p>Smart Grid Solar<br \/>\nist ein Beispiel daf\u00fcr, wie die Aktivit\u00e4ten im Rahmen<br \/>\ndes Energieforschungskonzepts auf ganz Bayern ausgeweitet<br \/>\nwerden. Der Modellversuch ist Teil der Zukunftsinitiative<br \/>\n\u201aAufbruch Bayern\u2019. Das Bayerische Wirtschaftsministerium<br \/>\nf\u00f6rdert ihn mit bis zu sieben Millionen Euro. Dabei<br \/>\nkommen auch Mittel des Europ\u00e4ischen Fonds f\u00fcr regionale<br \/>\nEntwicklung zum Einsatz. Im Herbst 2011 hatten sich<br \/>\nim Rahmen eines Bewerbungsverfahrens die St\u00e4dte Hof<br \/>\nund Arzberg gegen starke Konkurrenz aus Nord-Ost-Oberfranken<br \/>\nals Standorte f\u00fcr Smart Grid Solar durchgesetzt. \u201eDie<br \/>\nKommunen und ihre Bereitschaft, sich an innovativen<br \/>\nL\u00f6sungen zu beteiligen, sind einer der Schl\u00fcssel<br \/>\nf\u00fcr die Umsetzung unseres Energiekonzepts\u201c, betont<br \/>\ndie Staatssekret\u00e4rin.<\/p>\n<p>&nbsp;<\/p>\n<p>Smart Grid<br \/>\nSolar wird im Verbund mit der Energiewirtschaft (Stadtwerke<br \/>\nHof, E.ON Bayern) und den relevanten Unternehmen (Siemens,<br \/>\nIBC SOLAR, Rauschert Solar) vom bayerischen Zentrum<br \/>\nf\u00fcr angewandte Energieforschung \u2013 ZAE Bayern durchgef\u00fchrt<br \/>\nund koordiniert. Dar\u00fcber hinaus ist eine Vielzahl<br \/>\nweiterer regionaler Partner im Projekt engagiert. Als<br \/>\nwissenschaftliche Partner sind das Institut f\u00fcr Informationssysteme<br \/>\n(iisys) der Hochschule Hof, die Friedrich Alexander<br \/>\nUniversit\u00e4t Erlangen N\u00fcrnberg, die beiden Fraunhofer<br \/>\nInstitute IIS und IISB in Erlangen und der Energie<br \/>\nCampus N\u00fcrnberg beteiligt. In Zusammenarbeit mit der<br \/>\nregionalen Energiewirtschaft und den relevanten Unternehmen<br \/>\nvor Ort werden k\u00fcnftig Pilotentwicklungen und Produkte<br \/>\nangesto\u00dfen und erprobt. Ziel ist, diese Produkte rasch<br \/>\nzur Marktreife zu bringen.<\/p>\n<p>Quelle: stmwivt.bayern.de<\/p>\n<p>&nbsp;<\/p>\n<p>&nbsp;<\/p>\n","protected":false},"excerpt":{"rendered":"<p>Arzberg: Bayerns Wirtschaftsstaatssekret\u00e4rin Hessel startet Modellversuch Smart Grid Solar in Hof und Arzberg Bayerns Wirtschaftsstaatssekret\u00e4rin Katja Hessel gibt heute den Startschuss f\u00fcr Smart Grid Solar. \u201eIch freue mich, dass es jetzt in Hof und Arzberg los geht. Mit dem Modellversuch werden wir wichtige Erkenntnisse gewinnen. Zum Beispiel erfahren wir, wie wir den Stromanteil aus erneuerbaren [&hellip;]<\/p>\n","protected":false},"author":7,"featured_media":0,"comment_status":"open","ping_status":"open","sticky":false,"template":"","format":"standard","meta":{"footnotes":""},"categories":[97,71,83],"tags":[],"class_list":["post-3068","post","type-post","status-publish","format-standard","hentry","category-hof","category-menue","category-oberfranken"],"_links":{"self":[{"href":"https:\/\/www.frankensicht.de\/index.php?rest_route=\/wp\/v2\/posts\/3068","targetHints":{"allow":["GET"]}}],"collection":[{"href":"https:\/\/www.frankensicht.de\/index.php?rest_route=\/wp\/v2\/posts"}],"about":[{"href":"https:\/\/www.frankensicht.de\/index.php?rest_route=\/wp\/v2\/types\/post"}],"author":[{"embeddable":true,"href":"https:\/\/www.frankensicht.de\/index.php?rest_route=\/wp\/v2\/users\/7"}],"replies":[{"embeddable":true,"href":"https:\/\/www.frankensicht.de\/index.php?rest_route=%2Fwp%2Fv2%2Fcomments&post=3068"}],"version-history":[{"count":0,"href":"https:\/\/www.frankensicht.de\/index.php?rest_route=\/wp\/v2\/posts\/3068\/revisions"}],"wp:attachment":[{"href":"https:\/\/www.frankensicht.de\/index.php?rest_route=%2Fwp%2Fv2%2Fmedia&parent=3068"}],"wp:term":[{"taxonomy":"category","embeddable":true,"href":"https:\/\/www.frankensicht.de\/index.php?rest_route=%2Fwp%2Fv2%2Fcategories&post=3068"},{"taxonomy":"post_tag","embeddable":true,"href":"https:\/\/www.frankensicht.de\/index.php?rest_route=%2Fwp%2Fv2%2Ftags&post=3068"}],"curies":[{"name":"wp","href":"https:\/\/api.w.org\/{rel}","templated":true}]}}