{"id":3065,"date":"2012-06-30T13:14:54","date_gmt":"2012-06-30T11:14:54","guid":{"rendered":"http:\/\/www.frankensicht.de\/?p=3065"},"modified":"2012-06-30T13:14:54","modified_gmt":"2012-06-30T11:14:54","slug":"fahnen-zum-frankentag-2-juli","status":"publish","type":"post","link":"https:\/\/www.frankensicht.de\/?p=3065","title":{"rendered":"Fahnen zum Frankentag 2.Juli"},"content":{"rendered":"<p>Zum \u201eTag der Franken\u201c wehen die Fahnen am Rathaus<br \/>\nAuch die Stadt Erlangen l\u00e4sst zum \u201eTag der Franken\u201c am Montag, 2. Juli, die Franken-, die Bayern- und die Deutschlandfahne vor dem Rathaus hissen. Die Kommune kommt damit einer Bitte der Regierung von Mittelfranken nach. Der \u201eTag der Franken\u201c wurde 2006 erstmals gefeiert und soll an die vielgestaltige Geschichte der Region erinnern und das Bewusstsein f\u00fcr die Entwicklungskraft und das Innovationspotenzial aller drei fr\u00e4nkischen Regierungsbezirke st\u00e4rken.<\/p>\n<p>Quelle: bayreuth.de<\/p>\n<p><a href=\"https:\/\/www.frankensicht.de\/?attachment_id=189\" rel=\"attachment wp-att-189\"><img loading=\"lazy\" decoding=\"async\" class=\"alignnone size-full wp-image-189\" title=\"wappen\" src=\"https:\/\/www.frankensicht.de\/wp-content\/uploads\/wappen.png\" alt=\"\" width=\"220\" height=\"254\" \/><\/a><\/p>\n<p>&nbsp;<\/p>\n","protected":false},"excerpt":{"rendered":"<p>Zum \u201eTag der Franken\u201c wehen die Fahnen am Rathaus Auch die Stadt Erlangen l\u00e4sst zum \u201eTag der Franken\u201c am Montag, 2. Juli, die Franken-, die Bayern- und die Deutschlandfahne vor dem Rathaus hissen. Die Kommune kommt damit einer Bitte der Regierung von Mittelfranken nach. Der \u201eTag der Franken\u201c wurde 2006 erstmals gefeiert und soll an [&hellip;]<\/p>\n","protected":false},"author":7,"featured_media":189,"comment_status":"open","ping_status":"open","sticky":false,"template":"","format":"standard","meta":{"footnotes":""},"categories":[96,71,83],"tags":[696],"class_list":["post-3065","post","type-post","status-publish","format-standard","has-post-thumbnail","hentry","category-bayreuth-oberfranken","category-menue","category-oberfranken","tag-frankentag"],"_links":{"self":[{"href":"https:\/\/www.frankensicht.de\/index.php?rest_route=\/wp\/v2\/posts\/3065","targetHints":{"allow":["GET"]}}],"collection":[{"href":"https:\/\/www.frankensicht.de\/index.php?rest_route=\/wp\/v2\/posts"}],"about":[{"href":"https:\/\/www.frankensicht.de\/index.php?rest_route=\/wp\/v2\/types\/post"}],"author":[{"embeddable":true,"href":"https:\/\/www.frankensicht.de\/index.php?rest_route=\/wp\/v2\/users\/7"}],"replies":[{"embeddable":true,"href":"https:\/\/www.frankensicht.de\/index.php?rest_route=%2Fwp%2Fv2%2Fcomments&post=3065"}],"version-history":[{"count":0,"href":"https:\/\/www.frankensicht.de\/index.php?rest_route=\/wp\/v2\/posts\/3065\/revisions"}],"wp:featuredmedia":[{"embeddable":true,"href":"https:\/\/www.frankensicht.de\/index.php?rest_route=\/wp\/v2\/media\/189"}],"wp:attachment":[{"href":"https:\/\/www.frankensicht.de\/index.php?rest_route=%2Fwp%2Fv2%2Fmedia&parent=3065"}],"wp:term":[{"taxonomy":"category","embeddable":true,"href":"https:\/\/www.frankensicht.de\/index.php?rest_route=%2Fwp%2Fv2%2Fcategories&post=3065"},{"taxonomy":"post_tag","embeddable":true,"href":"https:\/\/www.frankensicht.de\/index.php?rest_route=%2Fwp%2Fv2%2Ftags&post=3065"}],"curies":[{"name":"wp","href":"https:\/\/api.w.org\/{rel}","templated":true}]}}