{"id":3047,"date":"2012-06-30T13:13:56","date_gmt":"2012-06-30T11:13:56","guid":{"rendered":"http:\/\/www.frankensicht.de\/?p=3047"},"modified":"2012-06-30T13:13:56","modified_gmt":"2012-06-30T11:13:56","slug":"experten-arbeitsgruppe-zur-optimierung-der-fluglarmsituation-in-der-umgebung-des-flughafens-munchen-eingerichtet","status":"publish","type":"post","link":"https:\/\/www.frankensicht.de\/?p=3047","title":{"rendered":"Experten-Arbeitsgruppe zur Optimierung der Flugl\u00e4rmsituation in der Umgebung des Flughafens M\u00fcnchen eingerichtet"},"content":{"rendered":"<p><span style=\"color: #ff0000;\">M\u00fcnchen:<\/span><\/p>\n<p>Zeil: \u201eSchutz vor Flugl\u00e4rm weiter vorantreiben\u201c<\/p>\n<p>Bayerns<br \/>\nVerkehrsminister Martin Zeil setzt auf eine nachhaltige<br \/>\nOffensive in Sachen Flugl\u00e4rmschutz. Er informierte<br \/>\nheute den Vorsitzenden der Flugl\u00e4rmkommission M\u00fcnchen,<br \/>\nB\u00fcrgermeister Herbert Knur, dass er eine neue Experten-Arbeitsgruppe<br \/>\nins Leben rufen wird. Sie wird sich intensiv mit der<br \/>\nFlugl\u00e4rmproblematik in der Umgebung des Flughafens<br \/>\nM\u00fcnchens befassen und Vorschl\u00e4ge erarbeiten, wie<br \/>\ndie Situation im unmittelbaren Umfeld verbessert werden<br \/>\nkann. \u201eUnser Ziel ist, Belastungen des Flugbetriebs<br \/>\nf\u00fcr die Bewohner im Umland von Flugh\u00e4fen zu verringern<br \/>\noder zu vermeiden. Ich m\u00f6chte, dass der Flughafen<br \/>\nM\u00fcnchen Vorbildcharakter hat. Gleichzeitig m\u00fcssen<br \/>\nwir aber auch die steigende Mobilit\u00e4tsnachfrage bew\u00e4ltigen.<br \/>\nDie Arbeitsgruppe wird helfen, diese zwei Seiten der<br \/>\nMedaille auszubalancieren\u201c, betont Zeil.<\/p>\n<p><a href=\"https:\/\/www.frankensicht.de\/?attachment_id=3049\" rel=\"attachment wp-att-3049\"><img loading=\"lazy\" decoding=\"async\" class=\"alignnone size-medium wp-image-3049\" title=\"flugzeug\" src=\"https:\/\/www.frankensicht.de\/wp-content\/uploads\/2012\/06\/flugzeug-300x225.jpg\" alt=\"\" width=\"300\" height=\"225\" srcset=\"https:\/\/www.frankensicht.de\/wp-content\/uploads\/2012\/06\/flugzeug-300x225.jpg 300w, https:\/\/www.frankensicht.de\/wp-content\/uploads\/2012\/06\/flugzeug.jpg 640w\" sizes=\"auto, (max-width: 300px) 100vw, 300px\" \/><\/a><\/p>\n<p>Mit<br \/>\nder Arbeitsgruppe sollen die bisherigen Aktivit\u00e4ten<br \/>\nin Bayern im Bereich Flugl\u00e4rmschutz erg\u00e4nzt werden.<br \/>\n\u201eMir ist sehr wichtig, den Schutz vor Flugl\u00e4rm st\u00e4rker<br \/>\nvoranzutreiben. Die Expertengruppe wird sich deshalb<br \/>\nengagiert um weitere Schallschutzma\u00dfnahmen k\u00fcmmern<br \/>\nund Anreize schaffen, damit k\u00fcnftig leisere Flugzeuge<br \/>\nzum Einsatz kommen\u201c, erkl\u00e4rt der Verkehrsminister.<br \/>\nDer Arbeitsgruppe unter der Federf\u00fchrung des Ministeriums<br \/>\nund mit fachlicher Begleitung durch die DFS Deutsche<br \/>\nFlugsicherung GmbH werden unter anderem Vertreter des<br \/>\nFlughafens, der Lufthansa und von Air Berlin angeh\u00f6ren.<\/p>\n<p>Quelle: stmwivt.bayern.de<\/p>\n<p>&nbsp;<\/p>\n","protected":false},"excerpt":{"rendered":"<p>M\u00fcnchen: Zeil: \u201eSchutz vor Flugl\u00e4rm weiter vorantreiben\u201c Bayerns Verkehrsminister Martin Zeil setzt auf eine nachhaltige Offensive in Sachen Flugl\u00e4rmschutz. Er informierte heute den Vorsitzenden der Flugl\u00e4rmkommission M\u00fcnchen, B\u00fcrgermeister Herbert Knur, dass er eine neue Experten-Arbeitsgruppe ins Leben rufen wird. Sie wird sich intensiv mit der Flugl\u00e4rmproblematik in der Umgebung des Flughafens M\u00fcnchens befassen und Vorschl\u00e4ge [&hellip;]<\/p>\n","protected":false},"author":7,"featured_media":3049,"comment_status":"open","ping_status":"open","sticky":false,"template":"","format":"standard","meta":{"footnotes":""},"categories":[78,71],"tags":[689],"class_list":["post-3047","post","type-post","status-publish","format-standard","has-post-thumbnail","hentry","category-bayern","category-menue","tag-fluglarm-munchen"],"_links":{"self":[{"href":"https:\/\/www.frankensicht.de\/index.php?rest_route=\/wp\/v2\/posts\/3047","targetHints":{"allow":["GET"]}}],"collection":[{"href":"https:\/\/www.frankensicht.de\/index.php?rest_route=\/wp\/v2\/posts"}],"about":[{"href":"https:\/\/www.frankensicht.de\/index.php?rest_route=\/wp\/v2\/types\/post"}],"author":[{"embeddable":true,"href":"https:\/\/www.frankensicht.de\/index.php?rest_route=\/wp\/v2\/users\/7"}],"replies":[{"embeddable":true,"href":"https:\/\/www.frankensicht.de\/index.php?rest_route=%2Fwp%2Fv2%2Fcomments&post=3047"}],"version-history":[{"count":0,"href":"https:\/\/www.frankensicht.de\/index.php?rest_route=\/wp\/v2\/posts\/3047\/revisions"}],"wp:featuredmedia":[{"embeddable":true,"href":"https:\/\/www.frankensicht.de\/index.php?rest_route=\/wp\/v2\/media\/3049"}],"wp:attachment":[{"href":"https:\/\/www.frankensicht.de\/index.php?rest_route=%2Fwp%2Fv2%2Fmedia&parent=3047"}],"wp:term":[{"taxonomy":"category","embeddable":true,"href":"https:\/\/www.frankensicht.de\/index.php?rest_route=%2Fwp%2Fv2%2Fcategories&post=3047"},{"taxonomy":"post_tag","embeddable":true,"href":"https:\/\/www.frankensicht.de\/index.php?rest_route=%2Fwp%2Fv2%2Ftags&post=3047"}],"curies":[{"name":"wp","href":"https:\/\/api.w.org\/{rel}","templated":true}]}}