{"id":3031,"date":"2012-06-29T09:48:50","date_gmt":"2012-06-29T07:48:50","guid":{"rendered":"http:\/\/www.frankensicht.de\/?p=3031"},"modified":"2012-06-29T09:48:50","modified_gmt":"2012-06-29T07:48:50","slug":"bayern-kurz-vor-vollbeschaftigung","status":"publish","type":"post","link":"https:\/\/www.frankensicht.de\/?p=3031","title":{"rendered":"Bayern kurz vor Vollbesch\u00e4ftigung"},"content":{"rendered":"<p><span style=\"color: #ff0000;\">M\u00fcnchen:<\/span><br \/>\nBayerns Wirtschaftsminister Zeil zu den Arbeitsmarktzahlen f\u00fcr Juni<br \/>\nBayerns Wirtschaftsminister<br \/>\nMartin Zeil stellt zur weiterhin hervorragenden Arbeitsmarktentwicklung<br \/>\nin Bayern erfreut fest: \u201eDer Besch\u00e4ftigungsaufschwung<br \/>\nim Freistaat rei\u00dft nicht ab. Wir gehen mit erfreulich<br \/>\nniedrigen Arbeitslosenzahlen in den Sommer. Niederbayern<br \/>\nist mit einer Arbeitslosenquote von 2,9 Prozent der<br \/>\nerste Regierungsbezirk mit faktischer Vollbesch\u00e4ftigung.\u201c<br \/>\nAuch die Zahl der sozialversicherungspflichtigen Besch\u00e4ftigten<br \/>\nsteigt von Rekordwert zu Rekordwert und liegt im April<br \/>\n2012 (aktueller Berichtsmonat) bei \u00fcber 4,8 Millionen.<br \/>\nMit einer Arbeitslosenquote von 3,4 Prozent ist das<br \/>\nZiel der Vollbesch\u00e4ftigung auch in ganz Bayern noch<br \/>\neinmal ein St\u00fcck n\u00e4her ger\u00fcckt. \u201eEs ist nur noch<br \/>\neine Frage der Zeit, bis wir die 3-Prozent-Marke knacken<br \/>\nund somit Vollbesch\u00e4ftigung in ganz Bayern haben&#8220;,<br \/>\nist der Minister \u00fcberzeugt. Der Bestand an offenen<br \/>\nStellen ist leicht gesunken, weiterhin aber auf hohem<br \/>\nNiveau und zeugt trotz der Turbulenzen in der Eurozone<br \/>\nvon einer stabilen Entwicklung auf dem Arbeitsmarkt.<\/p>\n<p><a href=\"https:\/\/www.frankensicht.de\/?attachment_id=3032\" rel=\"attachment wp-att-3032\"><img loading=\"lazy\" decoding=\"async\" class=\"alignnone size-medium wp-image-3032\" title=\"bundesagentur\" src=\"https:\/\/www.frankensicht.de\/wp-content\/uploads\/2012\/06\/bundesagentur-300x187.jpg\" alt=\"\" width=\"300\" height=\"187\" srcset=\"https:\/\/www.frankensicht.de\/wp-content\/uploads\/2012\/06\/bundesagentur-300x187.jpg 300w, https:\/\/www.frankensicht.de\/wp-content\/uploads\/2012\/06\/bundesagentur.jpg 640w\" sizes=\"auto, (max-width: 300px) 100vw, 300px\" \/><\/a><\/p>\n<p>\u201eNur mit einer erfolgreichen<br \/>\nWirtschaft und nur mit hoher Wachstumsdynamik l\u00e4sst<br \/>\nsich diese Erfolgsgeschichte auf dem Arbeitsmarkt schreiben.<br \/>\nUnsere Wirtschaftspolitik mit den Prinzipien solide<br \/>\nFinanzen, mutige Innova-tionen, kr\u00e4ftige Investitionen<br \/>\nund dynamische Unternehmen schafft Arbeitspl\u00e4tze und<br \/>\nBesch\u00e4ftigung in hoher Zahl\u201c, betont Zeil. Dies<br \/>\nsei auch die Strategie, mit der die europ\u00e4ischen Schuldenl\u00e4nder<br \/>\ndie Krise \u00fcberwinden k\u00f6nnten. \u201eSchulden mit Schulden<br \/>\nzu bek\u00e4mpfen ist der falsche Weg. Alle Vorschl\u00e4ge<br \/>\nzu gemeinschaftlichen Finanzierungsinstrumenten f\u00fchren<br \/>\ndeshalb auf Abwege. Ich appelliere an die Bundesregierung,<br \/>\nhier standhaft zu bleiben\u201c, bekr\u00e4ftigt der Minister.<\/p>\n<p>&nbsp;<\/p>\n<p>Im<br \/>\nJuni 2012 lag die Arbeitslosenquote in den bayerischen<br \/>\nRegierungsbezirken zwischen 2,9 Prozent in Niederbayern<br \/>\nund 4,4 Prozent in Mittelfranken. Sie befindet sich<br \/>\ndamit \u00fcberall weit unter dem Bundesdurchschnitt von<br \/>\n6,6 Prozent. 53 der 96 Kreise und kreisfreien St\u00e4dte<br \/>\nhaben eine zwei oder eine eins vor dem Komma und damit<br \/>\nfaktisch Vollbesch\u00e4ftigung erreicht.<\/p>\n<p>Quelle : stmwivt.bayern.de<\/p>\n<p>&nbsp;<\/p>\n<p>&nbsp;<\/p>\n","protected":false},"excerpt":{"rendered":"<p>M\u00fcnchen: Bayerns Wirtschaftsminister Zeil zu den Arbeitsmarktzahlen f\u00fcr Juni Bayerns Wirtschaftsminister Martin Zeil stellt zur weiterhin hervorragenden Arbeitsmarktentwicklung in Bayern erfreut fest: \u201eDer Besch\u00e4ftigungsaufschwung im Freistaat rei\u00dft nicht ab. Wir gehen mit erfreulich niedrigen Arbeitslosenzahlen in den Sommer. Niederbayern ist mit einer Arbeitslosenquote von 2,9 Prozent der erste Regierungsbezirk mit faktischer Vollbesch\u00e4ftigung.\u201c Auch die Zahl [&hellip;]<\/p>\n","protected":false},"author":7,"featured_media":0,"comment_status":"open","ping_status":"open","sticky":false,"template":"","format":"standard","meta":{"footnotes":""},"categories":[78,71],"tags":[684,685],"class_list":["post-3031","post","type-post","status-publish","format-standard","hentry","category-bayern","category-menue","tag-arbeitsmarkt","tag-vollbeschaftigung"],"_links":{"self":[{"href":"https:\/\/www.frankensicht.de\/index.php?rest_route=\/wp\/v2\/posts\/3031","targetHints":{"allow":["GET"]}}],"collection":[{"href":"https:\/\/www.frankensicht.de\/index.php?rest_route=\/wp\/v2\/posts"}],"about":[{"href":"https:\/\/www.frankensicht.de\/index.php?rest_route=\/wp\/v2\/types\/post"}],"author":[{"embeddable":true,"href":"https:\/\/www.frankensicht.de\/index.php?rest_route=\/wp\/v2\/users\/7"}],"replies":[{"embeddable":true,"href":"https:\/\/www.frankensicht.de\/index.php?rest_route=%2Fwp%2Fv2%2Fcomments&post=3031"}],"version-history":[{"count":0,"href":"https:\/\/www.frankensicht.de\/index.php?rest_route=\/wp\/v2\/posts\/3031\/revisions"}],"wp:attachment":[{"href":"https:\/\/www.frankensicht.de\/index.php?rest_route=%2Fwp%2Fv2%2Fmedia&parent=3031"}],"wp:term":[{"taxonomy":"category","embeddable":true,"href":"https:\/\/www.frankensicht.de\/index.php?rest_route=%2Fwp%2Fv2%2Fcategories&post=3031"},{"taxonomy":"post_tag","embeddable":true,"href":"https:\/\/www.frankensicht.de\/index.php?rest_route=%2Fwp%2Fv2%2Ftags&post=3031"}],"curies":[{"name":"wp","href":"https:\/\/api.w.org\/{rel}","templated":true}]}}