{"id":3018,"date":"2012-06-27T19:27:53","date_gmt":"2012-06-27T17:27:53","guid":{"rendered":"http:\/\/www.frankensicht.de\/?p=3018"},"modified":"2012-06-27T19:27:53","modified_gmt":"2012-06-27T17:27:53","slug":"3018","status":"publish","type":"post","link":"https:\/\/www.frankensicht.de\/?p=3018","title":{"rendered":""},"content":{"rendered":"<p><span style=\"color: #ff0000;\">Berlin:<\/span><\/p>\n<h1 style=\"font-family: Georgia, Times, serif; font-size: 22px; font-weight: normal; color: #666;\">Ramsauer stellt Konzept f\u00fcr Neuordnung der Wasser- und Schifffahrtverwaltung vor<\/h1>\n<p style=\"font-family: Verdana,Geneva,Arial,Helvetica,sans-serif; font-size: 12px; line-height: 17px; margin-top: 0pt;\">Bundesverkehrsminister Peter Ramsauer hat heute sein Konzept zur Neuordnung der Wasser- und Schifffahrtsverwaltung des Bundes (WSV) vorgestellt.<\/p>\n<p class=\"MsoNormal\" style=\"font-family: Verdana,Geneva,Arial,Helvetica,sans-serif; font-size: 12px; line-height: 17px; margin-top: 0pt;\"><strong>Ramsauer<\/strong>:<\/p>\n<blockquote>\n<p class=\"MsoNormal\" style=\"font-family: Verdana,Geneva,Arial,Helvetica,sans-serif; font-size: 12px; line-height: 17px; margin-top: 0pt;\">&#8222;Mit der Vorlage unseres Konzepts beenden wir einen \u00fcber zwanzigj\u00e4hrigen Reformstau und 20\u00a0Jahre Unsicherheit f\u00fcr die Mitarbeiterinnen und Mitarbeiter. Die Verwaltung der Bundeswasserstra\u00dfen wird zukunftsf\u00e4hig aufgestellt und orientiert sich k\u00fcnftig am tats\u00e4chlichen Bedarf. Wir legen Aufgabenbereiche zusammen und reduzieren die Anzahl der Beh\u00f6rden von jetzt\u00a053 auf dann\u00a034. Damit wird die Verwaltung schlanker und schlagkr\u00e4ftiger. F\u00fcr die Umsetzung nehmen wir uns acht Jahre Zeit. Betriebsbedingte K\u00fcndigungen wird es keine geben.&#8220;<\/p>\n<p class=\"MsoNormal\" style=\"font-family: Verdana,Geneva,Arial,Helvetica,sans-serif; font-size: 12px; line-height: 17px; margin-top: 0pt;\">\n<\/blockquote>\n<p class=\"MsoNormal\" style=\"font-family: Verdana,Geneva,Arial,Helvetica,sans-serif; font-size: 12px; line-height: 17px; margin-top: 0pt;\"><a href=\"https:\/\/www.frankensicht.de\/?attachment_id=3019\" rel=\"attachment wp-att-3019\"><img loading=\"lazy\" decoding=\"async\" class=\"alignnone size-medium wp-image-3019\" title=\"polizei\" src=\"https:\/\/www.frankensicht.de\/wp-content\/uploads\/2012\/06\/polizei-300x197.jpg\" alt=\"\" width=\"300\" height=\"197\" \/><\/a><\/p>\n<p class=\"MsoNormal\" style=\"font-family: Verdana,Geneva,Arial,Helvetica,sans-serif; font-size: 12px; line-height: 17px; margin-top: 0pt;\">Die Reform der Verwaltungsorganisation folgt einer Kategorisierung der Wasserwege des Bundes, um den Einsatz der Mittel f\u00fcr Erhalt und Ausbau der Infrastruktur dem tats\u00e4chlichen Bedarf entsprechend zu lenken.<\/p>\n<p class=\"MsoNormal\" style=\"font-family: Verdana,Geneva,Arial,Helvetica,sans-serif; font-size: 12px; line-height: 17px; margin-top: 0pt;\">F\u00fcr die Verwaltung der Bundeswasserstra\u00dfen von rund 23.000\u00a0Quadratkilometer Seewasser- und rund 7.300\u00a0Kilometer Binnenwasserstra\u00dfen stehen der WSV rund 12.000\u00a0Stellen zur Verf\u00fcgung. Die Organisationsstruktur und die Aufgaben der WSV, insbesondere die regionale Pr\u00e4senz, werden sich k\u00fcnftig an der neuen Netzstruktur orientieren. Steuerungsaufgaben werden in einer Generaldirektion in Bonn konzentriert. Auch die \u00c4mter in den Regionen werden angepasst: Funktionen werden zusammengefasst, Standorte an der K\u00fcste und im Binnenland dort, wo viel Verkehr stattfindet, ausgebaut. Der Verbleib notwendiger Kompetenz an der K\u00fcste ist gesichert.<\/p>\n<p class=\"MsoNormal\" style=\"font-family: Verdana,Geneva,Arial,Helvetica,sans-serif; font-size: 12px; line-height: 17px; margin-top: 0pt;\">Die Reform wird schrittweise und sozialvertr\u00e4glich umgesetzt und soll 2020 abgeschlossen sein. Die rechtliche Umsetzung erfolgt durch eine Reihe von Gesetzes\u00e4nderungen u.a. im Wasserstra\u00dfenG, SeeaufgabenG, SeeunfallUG, BinnenschifffahrtsaufgabenG.\u00a0 Der Gesetzgebungsprozess wird noch dieses Jahr begonnen.<\/p>\n<p class=\"MsoNormal\" style=\"font-family: Verdana,Geneva,Arial,Helvetica,sans-serif; font-size: 12px; line-height: 17px; margin-top: 0pt;\">Quelle: bmvbs.de<\/p>\n<p>&nbsp;<\/p>\n<p>&nbsp;<\/p>\n","protected":false},"excerpt":{"rendered":"<p>Berlin: Ramsauer stellt Konzept f\u00fcr Neuordnung der Wasser- und Schifffahrtverwaltung vor Bundesverkehrsminister Peter Ramsauer hat heute sein Konzept zur Neuordnung der Wasser- und Schifffahrtsverwaltung des Bundes (WSV) vorgestellt. Ramsauer: &#8222;Mit der Vorlage unseres Konzepts beenden wir einen \u00fcber zwanzigj\u00e4hrigen Reformstau und 20\u00a0Jahre Unsicherheit f\u00fcr die Mitarbeiterinnen und Mitarbeiter. Die Verwaltung der Bundeswasserstra\u00dfen wird zukunftsf\u00e4hig aufgestellt [&hellip;]<\/p>\n","protected":false},"author":7,"featured_media":0,"comment_status":"open","ping_status":"open","sticky":false,"template":"","format":"standard","meta":{"footnotes":""},"categories":[3,17],"tags":[683,682],"class_list":["post-3018","post","type-post","status-publish","format-standard","hentry","category-news","category-politik","tag-schifffahrtverwaltung","tag-wasserverwaltung"],"_links":{"self":[{"href":"https:\/\/www.frankensicht.de\/index.php?rest_route=\/wp\/v2\/posts\/3018","targetHints":{"allow":["GET"]}}],"collection":[{"href":"https:\/\/www.frankensicht.de\/index.php?rest_route=\/wp\/v2\/posts"}],"about":[{"href":"https:\/\/www.frankensicht.de\/index.php?rest_route=\/wp\/v2\/types\/post"}],"author":[{"embeddable":true,"href":"https:\/\/www.frankensicht.de\/index.php?rest_route=\/wp\/v2\/users\/7"}],"replies":[{"embeddable":true,"href":"https:\/\/www.frankensicht.de\/index.php?rest_route=%2Fwp%2Fv2%2Fcomments&post=3018"}],"version-history":[{"count":0,"href":"https:\/\/www.frankensicht.de\/index.php?rest_route=\/wp\/v2\/posts\/3018\/revisions"}],"wp:attachment":[{"href":"https:\/\/www.frankensicht.de\/index.php?rest_route=%2Fwp%2Fv2%2Fmedia&parent=3018"}],"wp:term":[{"taxonomy":"category","embeddable":true,"href":"https:\/\/www.frankensicht.de\/index.php?rest_route=%2Fwp%2Fv2%2Fcategories&post=3018"},{"taxonomy":"post_tag","embeddable":true,"href":"https:\/\/www.frankensicht.de\/index.php?rest_route=%2Fwp%2Fv2%2Ftags&post=3018"}],"curies":[{"name":"wp","href":"https:\/\/api.w.org\/{rel}","templated":true}]}}