{"id":3015,"date":"2012-06-27T22:49:19","date_gmt":"2012-06-27T20:49:19","guid":{"rendered":"http:\/\/www.frankensicht.de\/?p=3015"},"modified":"2012-06-27T22:49:19","modified_gmt":"2012-06-27T20:49:19","slug":"bayerns-wirtschaftsminister-zeil-lobt-einigung-der-arbeitsgruppe-des-vermittlungsausschusses-zur-solareinspeisevergutung","status":"publish","type":"post","link":"https:\/\/www.frankensicht.de\/?p=3015","title":{"rendered":"Bayerns Wirtschaftsminister Zeil lobt Einigung der Arbeitsgruppe des Vermittlungsausschusses zur Solareinspeiseverg\u00fctung"},"content":{"rendered":"<p><span style=\"color: #ff0000;\">M\u00fcnchen:<\/span><br \/>\n\u201eKlarer politischer Erfolg\u201c<\/p>\n<p>Bayerns Wirtschafts- und Energieminister<br \/>\nMartin Zeil sieht in der Einigung der Arbeitsgruppe<br \/>\ndes Vermittlungsausschusses von Bundestag und Bundesrat<br \/>\nzur EEG-Solarnovelle einen deutlichen politischen Erfolg<br \/>\nder Regierungskoalition in Berlin. \u201eJetzt herrscht<br \/>\nendlich Klarheit \u00fcber die F\u00f6rderbedingungen: die<br \/>\nVerg\u00fctung f\u00fcr Solarstrom wird r\u00fcckwirkend zum 1.<br \/>\nApril abgesenkt und zwar mit den \u00dcbergangsregeln,<br \/>\ndie wir in Bayern ma\u00dfgeblich ausgestaltet und vehement<br \/>\ngefordert haben\u201c, erkl\u00e4rt Zeil. Damit sei auch eine<br \/>\nBlockade der Opposition f\u00fcr das \u00fcberarbeitete EEG<br \/>\nendg\u00fcltig vom Tisch.<\/p>\n<p><a href=\"https:\/\/www.frankensicht.de\/?attachment_id=1884\" rel=\"attachment wp-att-1884\"><img loading=\"lazy\" decoding=\"async\" class=\"alignnone size-full wp-image-1884\" title=\"steckdose\" src=\"https:\/\/www.frankensicht.de\/wp-content\/uploads\/2012\/05\/steckdose.jpg\" alt=\"\" width=\"220\" height=\"220\" \/><\/a><\/p>\n<p>Die Arbeitsgruppe<br \/>\ndes Vermittlungsausschusses spricht sich daf\u00fcr aus,<br \/>\nam j\u00e4hrlichen Ausbaukorridor f\u00fcr neue Solaranlagen<br \/>\nvon 2.500 bis 3.500 Megawatt festzuhalten und das Gesamtausbauziel<br \/>\nvon 52 Gigawatt weiter zu verfolgen. Geplant ist zudem<br \/>\neine neue Verg\u00fctungsklasse zwischen zehn und 40 Kilowatt<br \/>\nmit 18,5 Cent\/kWh. Das Bundesgesetz sah bislang eine<br \/>\neinheitliche Verg\u00fctungsklasse zwischen zehn und 100<br \/>\nkW mit 16,5 Cent\/kWh vor. \u201eMit diesem Kompromiss<br \/>\nzu den Freifl\u00e4chenanlagen k\u00f6nnen wir in Bayern leben.<br \/>\nDas gilt auch f\u00fcr die erleichterte F\u00f6rderf\u00e4higkeit<br \/>\nvon gro\u00dfen Freifl\u00e4chenanlagen\u201c, betont Zeil. Grunds\u00e4tzlich<br \/>\nrichtig ist es nach Ansicht des Wirtschaftsministers<br \/>\nauch, nur 90 Prozent der erzeugten und eingespeisten<br \/>\nSolarstrommenge zu verg\u00fcten. \u201eKleinstanlagen bis<br \/>\nzehn Kilowatt sollen davon ausgenommen werden. Damit<br \/>\nentlasten wir die Netzbetreiber vor unn\u00f6tiger B\u00fcrokratie\u201c,<br \/>\nso der Wirtschaftsminister.<\/p>\n<p>&nbsp;<\/p>\n<p>Ob<br \/>\ndie Novellierung des Gesetzes letztlich den Anstieg<br \/>\nder EEG-Umlage d\u00e4mpfen kann, sieht Zeil kritisch.<br \/>\n\u201eIch rechne damit, dass die Preise f\u00fcr Solarmodule<br \/>\nweiter fallen werden. Damit werden Solaranlagen auch<br \/>\nk\u00fcnftig eine attraktive Investition bleiben. Wenn<br \/>\ndie Dynamik bei der Installation von Neuanlagen weiter<br \/>\nungebrochen hoch bleibt, wird das nicht ohne Auswirkungen<br \/>\nauf den Strompreis und die Stabilit\u00e4t unserer Netze<br \/>\nbleiben\u201c, mahnt Zeil. \u201eDie Diskussion zur Weiterentwicklung<br \/>\ndes EEG muss deshalb auf der Tagesordnung bleiben.\u201c<\/p>\n<p>Quelle: stmwivt.bayern.de<\/p>\n<p>&nbsp;<\/p>\n<p>&nbsp;<\/p>\n","protected":false},"excerpt":{"rendered":"<p>M\u00fcnchen: \u201eKlarer politischer Erfolg\u201c Bayerns Wirtschafts- und Energieminister Martin Zeil sieht in der Einigung der Arbeitsgruppe des Vermittlungsausschusses von Bundestag und Bundesrat zur EEG-Solarnovelle einen deutlichen politischen Erfolg der Regierungskoalition in Berlin. \u201eJetzt herrscht endlich Klarheit \u00fcber die F\u00f6rderbedingungen: die Verg\u00fctung f\u00fcr Solarstrom wird r\u00fcckwirkend zum 1. April abgesenkt und zwar mit den \u00dcbergangsregeln, die [&hellip;]<\/p>\n","protected":false},"author":7,"featured_media":0,"comment_status":"open","ping_status":"open","sticky":false,"template":"","format":"standard","meta":{"footnotes":""},"categories":[78,71],"tags":[681,680],"class_list":["post-3015","post","type-post","status-publish","format-standard","hentry","category-bayern","category-menue","tag-einspeisungsvergutung-solar","tag-solarnovelle"],"_links":{"self":[{"href":"https:\/\/www.frankensicht.de\/index.php?rest_route=\/wp\/v2\/posts\/3015","targetHints":{"allow":["GET"]}}],"collection":[{"href":"https:\/\/www.frankensicht.de\/index.php?rest_route=\/wp\/v2\/posts"}],"about":[{"href":"https:\/\/www.frankensicht.de\/index.php?rest_route=\/wp\/v2\/types\/post"}],"author":[{"embeddable":true,"href":"https:\/\/www.frankensicht.de\/index.php?rest_route=\/wp\/v2\/users\/7"}],"replies":[{"embeddable":true,"href":"https:\/\/www.frankensicht.de\/index.php?rest_route=%2Fwp%2Fv2%2Fcomments&post=3015"}],"version-history":[{"count":0,"href":"https:\/\/www.frankensicht.de\/index.php?rest_route=\/wp\/v2\/posts\/3015\/revisions"}],"wp:attachment":[{"href":"https:\/\/www.frankensicht.de\/index.php?rest_route=%2Fwp%2Fv2%2Fmedia&parent=3015"}],"wp:term":[{"taxonomy":"category","embeddable":true,"href":"https:\/\/www.frankensicht.de\/index.php?rest_route=%2Fwp%2Fv2%2Fcategories&post=3015"},{"taxonomy":"post_tag","embeddable":true,"href":"https:\/\/www.frankensicht.de\/index.php?rest_route=%2Fwp%2Fv2%2Ftags&post=3015"}],"curies":[{"name":"wp","href":"https:\/\/api.w.org\/{rel}","templated":true}]}}