{"id":3013,"date":"2012-06-30T09:16:57","date_gmt":"2012-06-30T07:16:57","guid":{"rendered":"http:\/\/www.frankensicht.de\/?p=3013"},"modified":"2012-06-30T09:16:57","modified_gmt":"2012-06-30T07:16:57","slug":"alter-bibliotheksbestand-des-ohm-gymnasiums-gerettet","status":"publish","type":"post","link":"https:\/\/www.frankensicht.de\/?p=3013","title":{"rendered":"Alter Bibliotheksbestand des Ohm-Gymnasiums gerettet"},"content":{"rendered":"<p><span style=\"color: #ff0000;\">Erlangen:<\/span>\u00a0 In Zusammenarbeit mit dem Stadtarchiv konnte jetzt der Altbestand der Schulbibliothek am Ohm-Gymnasium vor der Entsorgung gerettet werden. Sch\u00fclerinnen und Sch\u00fcler bewerteten und sicherten im Rahmen eines Seminars gemeinsam mit Oberstudienr\u00e4tin Hedwig Pichelmeyer-Blessing sowie Bibliothekar Sebastian Ludwig \u00fcber 12.000 B\u00fccher. Einen Teil der \u201eau\u00dfergew\u00f6hnlichen Funde\u201c (Archivleiter Andreas Jakob) \u00fcbernimmt das Stadtarchiv, ein weiterer Teil soll \u00fcber einen B\u00fccherflohmarkt ver\u00e4u\u00dfert werden. In einer Ausstellung zeigt das Stadtarchiv bis 17. Juli eine Auswahl der geretteten B\u00fccher in seinen R\u00e4umen (Luitpoldstra\u00dfe 47).<\/p>\n<p>Quelle:erlangen.de<\/p>\n<p><a href=\"https:\/\/www.frankensicht.de\/?attachment_id=2368\" rel=\"attachment wp-att-2368\"><img loading=\"lazy\" decoding=\"async\" class=\"alignnone size-medium wp-image-2368\" title=\"buecherei\" src=\"https:\/\/www.frankensicht.de\/wp-content\/uploads\/2012\/06\/buecherei-300x144.png\" alt=\"\" width=\"300\" height=\"144\" srcset=\"https:\/\/www.frankensicht.de\/wp-content\/uploads\/2012\/06\/buecherei-300x144.png 300w, https:\/\/www.frankensicht.de\/wp-content\/uploads\/2012\/06\/buecherei.png 520w\" sizes=\"auto, (max-width: 300px) 100vw, 300px\" \/><\/a><\/p>\n<p>&nbsp;<\/p>\n","protected":false},"excerpt":{"rendered":"<p>Erlangen:\u00a0 In Zusammenarbeit mit dem Stadtarchiv konnte jetzt der Altbestand der Schulbibliothek am Ohm-Gymnasium vor der Entsorgung gerettet werden. Sch\u00fclerinnen und Sch\u00fcler bewerteten und sicherten im Rahmen eines Seminars gemeinsam mit Oberstudienr\u00e4tin Hedwig Pichelmeyer-Blessing sowie Bibliothekar Sebastian Ludwig \u00fcber 12.000 B\u00fccher. Einen Teil der \u201eau\u00dfergew\u00f6hnlichen Funde\u201c (Archivleiter Andreas Jakob) \u00fcbernimmt das Stadtarchiv, ein weiterer Teil [&hellip;]<\/p>\n","protected":false},"author":7,"featured_media":2368,"comment_status":"open","ping_status":"open","sticky":false,"template":"","format":"standard","meta":{"footnotes":""},"categories":[111,71,85],"tags":[679],"class_list":["post-3013","post","type-post","status-publish","format-standard","has-post-thumbnail","hentry","category-erlangen-mittelfranken","category-menue","category-mittelfranken","tag-ohm-gymnasium"],"_links":{"self":[{"href":"https:\/\/www.frankensicht.de\/index.php?rest_route=\/wp\/v2\/posts\/3013","targetHints":{"allow":["GET"]}}],"collection":[{"href":"https:\/\/www.frankensicht.de\/index.php?rest_route=\/wp\/v2\/posts"}],"about":[{"href":"https:\/\/www.frankensicht.de\/index.php?rest_route=\/wp\/v2\/types\/post"}],"author":[{"embeddable":true,"href":"https:\/\/www.frankensicht.de\/index.php?rest_route=\/wp\/v2\/users\/7"}],"replies":[{"embeddable":true,"href":"https:\/\/www.frankensicht.de\/index.php?rest_route=%2Fwp%2Fv2%2Fcomments&post=3013"}],"version-history":[{"count":0,"href":"https:\/\/www.frankensicht.de\/index.php?rest_route=\/wp\/v2\/posts\/3013\/revisions"}],"wp:featuredmedia":[{"embeddable":true,"href":"https:\/\/www.frankensicht.de\/index.php?rest_route=\/wp\/v2\/media\/2368"}],"wp:attachment":[{"href":"https:\/\/www.frankensicht.de\/index.php?rest_route=%2Fwp%2Fv2%2Fmedia&parent=3013"}],"wp:term":[{"taxonomy":"category","embeddable":true,"href":"https:\/\/www.frankensicht.de\/index.php?rest_route=%2Fwp%2Fv2%2Fcategories&post=3013"},{"taxonomy":"post_tag","embeddable":true,"href":"https:\/\/www.frankensicht.de\/index.php?rest_route=%2Fwp%2Fv2%2Ftags&post=3013"}],"curies":[{"name":"wp","href":"https:\/\/api.w.org\/{rel}","templated":true}]}}