{"id":3004,"date":"2012-06-28T14:26:59","date_gmt":"2012-06-28T12:26:59","guid":{"rendered":"http:\/\/www.frankensicht.de\/?p=3004"},"modified":"2012-06-28T14:26:59","modified_gmt":"2012-06-28T12:26:59","slug":"vom-elterngeld-profitieren-mutter-immer-mehr-vater-und-vor-allem-die-kinder","status":"publish","type":"post","link":"https:\/\/www.frankensicht.de\/?p=3004","title":{"rendered":"Vom Elterngeld profitieren M\u00fctter, immer mehr V\u00e4ter &#8211; und vor allem die Kinder"},"content":{"rendered":"<p><span style=\"color: #ff0000;\">Berlin:<\/span><br \/>\nEin Viertel der V\u00e4ter beziehen Elterngeld<\/p>\n<p>Die heute (Mittwoch) ver\u00f6ffentlichten Zahlen des Statistischen Bundesamtes zum<br \/>\nElterngeld belegen eine weiterhin wachsende Beteiligung der V\u00e4ter an der<br \/>\nBetreuung ihrer Kinder. Bereits 25,3 Prozent &#8211; und damit gut ein Viertel &#8211; der<br \/>\nV\u00e4ter haben f\u00fcr ihre im Jahr 2010 geborenen Kinder das Elterngeld in Anspruch<br \/>\ngenommen.<\/p>\n<p><a href=\"https:\/\/www.frankensicht.de\/?attachment_id=3011\" rel=\"attachment wp-att-3011\"><img loading=\"lazy\" decoding=\"async\" class=\"alignnone size-medium wp-image-3011\" title=\"elterngeld\" src=\"https:\/\/www.frankensicht.de\/wp-content\/uploads\/2012\/06\/elterngeld-300x187.jpg\" alt=\"\" width=\"300\" height=\"187\" srcset=\"https:\/\/www.frankensicht.de\/wp-content\/uploads\/2012\/06\/elterngeld-300x187.jpg 300w, https:\/\/www.frankensicht.de\/wp-content\/uploads\/2012\/06\/elterngeld.jpg 640w\" sizes=\"auto, (max-width: 300px) 100vw, 300px\" \/><\/a><\/p>\n<p>&nbsp;<\/p>\n<p>&#8222;Vom Elterngeld profitieren M\u00fctter, immer mehr V\u00e4ter &#8211; und vor allem die Kinder.<br \/>\nDas Elterngeld unterst\u00fctzt die Eltern dabei, ihre Aufgaben in Familie und Beruf<br \/>\npartnerschaftlich aufzuteilen und gibt den Familien damit die Zeit und die<br \/>\nChance, in der ersten Zeit nach der Geburt eines Kindes enger zusammenzuwachsen&#8220;,<br \/>\nso die Bundesministerin f\u00fcr Familie, Senioren, Frauen und Jugend,<br \/>\nKristina Schr\u00f6der.<\/p>\n<p>In einigen Bundesl\u00e4ndern, zum Beispiel in Sachsen und Bayern sowie in Berlin,<br \/>\nnimmt sich bereits rund jeder dritte Vater unterst\u00fctzt durch das Elterngeld mehr<br \/>\nZeit f\u00fcr sein neugeborenes Kind. Zum Vergleich: F\u00fcr die im Jahr 2009 geborenen<br \/>\nKinder lag die V\u00e4terquote bundesweit bei 23,6 Prozent und im Jahr davor noch bei<br \/>\n21 Prozent.<\/p>\n<p>Zudem zeigen die statistischen Daten, dass sich mit dem Elterngeld vor allem in<br \/>\nFamilien, in denen die Frauen vor der Geburt erwerbst\u00e4tig waren, die V\u00e4ter<br \/>\nverst\u00e4rkt bei der Betreuung ihrer Kinder engagieren. Der \u00fcberwiegende Teil der<br \/>\nEltern, fast zwei Drittel, entscheidet sich daf\u00fcr, das Elterngeld zumindest<br \/>\nzeitweise gemeinsam zu beziehen.<\/p>\n<p>Mit den aktuellen Daten verfestigen sich auch die erfreulichen Erkenntnisse, die<br \/>\nbereits im &#8222;Elterngeld-Monitor&#8220; gewonnen wurden: Die V\u00e4ter mit Elterngeldbezug<br \/>\nbzw. in Elternzeit nutzen diese Zeit tats\u00e4chlich f\u00fcr die Betreuung ihres Kindes.<br \/>\nDies wirkt sich positiv auf die Vater-Kind-Beziehung aus und hilft auch den<br \/>\nM\u00fcttern. Denn diese k\u00f6nnen auf die Beteiligung ihrer Partner an den famili\u00e4ren<br \/>\nAufgaben vertrauen und sich eine R\u00fcckkehr ins Erwerbsleben einrichten. Das<br \/>\nElterngeld erreicht sein Ziel, dazu beizutragen, dass sich mehr M\u00fctter eine<br \/>\ndauerhafte wirtschaftliche Existenz sichern k\u00f6nnen. Zugleich st\u00e4rkt es die<br \/>\nBindungen und den Zusammenhalt in der Familie.<\/p>\n<p>Quelle: bmfsfj.de<\/p>\n","protected":false},"excerpt":{"rendered":"<p>Berlin: Ein Viertel der V\u00e4ter beziehen Elterngeld Die heute (Mittwoch) ver\u00f6ffentlichten Zahlen des Statistischen Bundesamtes zum Elterngeld belegen eine weiterhin wachsende Beteiligung der V\u00e4ter an der Betreuung ihrer Kinder. Bereits 25,3 Prozent &#8211; und damit gut ein Viertel &#8211; der V\u00e4ter haben f\u00fcr ihre im Jahr 2010 geborenen Kinder das Elterngeld in Anspruch genommen. &nbsp; [&hellip;]<\/p>\n","protected":false},"author":7,"featured_media":3011,"comment_status":"open","ping_status":"open","sticky":false,"template":"","format":"standard","meta":{"footnotes":""},"categories":[3,17],"tags":[677],"class_list":["post-3004","post","type-post","status-publish","format-standard","has-post-thumbnail","hentry","category-news","category-politik","tag-elterngeld"],"_links":{"self":[{"href":"https:\/\/www.frankensicht.de\/index.php?rest_route=\/wp\/v2\/posts\/3004","targetHints":{"allow":["GET"]}}],"collection":[{"href":"https:\/\/www.frankensicht.de\/index.php?rest_route=\/wp\/v2\/posts"}],"about":[{"href":"https:\/\/www.frankensicht.de\/index.php?rest_route=\/wp\/v2\/types\/post"}],"author":[{"embeddable":true,"href":"https:\/\/www.frankensicht.de\/index.php?rest_route=\/wp\/v2\/users\/7"}],"replies":[{"embeddable":true,"href":"https:\/\/www.frankensicht.de\/index.php?rest_route=%2Fwp%2Fv2%2Fcomments&post=3004"}],"version-history":[{"count":0,"href":"https:\/\/www.frankensicht.de\/index.php?rest_route=\/wp\/v2\/posts\/3004\/revisions"}],"wp:featuredmedia":[{"embeddable":true,"href":"https:\/\/www.frankensicht.de\/index.php?rest_route=\/wp\/v2\/media\/3011"}],"wp:attachment":[{"href":"https:\/\/www.frankensicht.de\/index.php?rest_route=%2Fwp%2Fv2%2Fmedia&parent=3004"}],"wp:term":[{"taxonomy":"category","embeddable":true,"href":"https:\/\/www.frankensicht.de\/index.php?rest_route=%2Fwp%2Fv2%2Fcategories&post=3004"},{"taxonomy":"post_tag","embeddable":true,"href":"https:\/\/www.frankensicht.de\/index.php?rest_route=%2Fwp%2Fv2%2Ftags&post=3004"}],"curies":[{"name":"wp","href":"https:\/\/api.w.org\/{rel}","templated":true}]}}