{"id":2999,"date":"2012-06-29T09:50:09","date_gmt":"2012-06-29T07:50:09","guid":{"rendered":"http:\/\/www.frankensicht.de\/?p=2999"},"modified":"2012-07-01T09:00:15","modified_gmt":"2012-07-01T07:00:15","slug":"fuhrungswechsel-im-deutschen-bauernverband-bundesministerin-aigner-gratuliert-joachim-rukwied-zur-wahl","status":"publish","type":"post","link":"https:\/\/www.frankensicht.de\/?p=2999","title":{"rendered":"F\u00fchrungswechsel im Deutschen Bauernverband: Bundesministerin Aigner gratuliert Joachim Rukwied zur Wahl"},"content":{"rendered":"<p><span style=\"color: #ff0000;\">Berlin:<\/span><\/p>\n<p>Bundeslandwirtschaftsministerin Ilse Aigner hat Joachim Rukwied zu seiner Wahl als neuer Pr\u00e4sident des Deutschen Bauernverbandes gratuliert. &#8222;Ich w\u00fcnsche Joachim Rukwied viel Erfolg f\u00fcr seine neue Aufgabe und freue mich auf eine gute und konstruktive Zusammenarbeit mit dem neuen DBV-Pr\u00e4sidenten&#8220;, sagte Aigner am Mittwoch zum Deutschen Bauerntag im oberbayerischen F\u00fcrstenfeldbruck. Joachim Rukwied wurde von den knapp 600 Delegierten des Bauerntages mit gro\u00dfer Mehrheit zum Nachfolger von Gerd Sonnleitner bestimmt. Sonnleitner hatte bereits im vergangenen Jahr angek\u00fcndigt, nach 15 Jahren an der Spitze des Deutschen Bauernverbandes nicht mehr zu kandidieren.<\/p>\n<p><a href=\"https:\/\/www.frankensicht.de\/?attachment_id=3009\" rel=\"attachment wp-att-3009\"><img loading=\"lazy\" decoding=\"async\" class=\"alignnone size-full wp-image-3009\" title=\"Acker\" src=\"https:\/\/www.frankensicht.de\/wp-content\/uploads\/2012\/06\/Acker.jpg\" alt=\"\" width=\"220\" height=\"155\" \/><\/a><\/p>\n<p>@wikipedia.org<\/p>\n<p>&#8222;Mit Joachim Rukwied kommt erneut ein erfahrener Landwirt mit eigenem Betrieb an die Spitze des Deutschen Bauernverbandes. Er ist wie Gerd Sonnleitner auch ein Mann der klaren Worte. Ich bin sicher, dass Joachim Rukwied die deutschen B\u00e4uerinnen und Bauern in den n\u00e4chsten Jahren mit Leidenschaft und Erfolg vertreten wird&#8220;, sagte Bundeslandwirtschaftsministerin Aigner nach der Wahl.<\/p>\n<p>Bei Gerd Sonnleitner bedankte sich Aigner f\u00fcr dessen gro\u00dfes Engagement und die enge Zusammenarbeit. &#8222;Gerd Sonnleitner hat die deutsche und europ\u00e4ische Agrarpolitik entscheidend gepr\u00e4gt. Sein Einsatz f\u00fcr die Landwirtschaft war leidenschaftlich und immer fachlich fundiert, er hat seine Anliegen mit \u00dcberzeugung und Herzblut vorgebracht.&#8220; Sonnleitner habe die Reformdiskussion der Landwirtschaft stets kritisch-konstruktiv mit klaren Positionen begleitet. &#8222;Auch wenn wir nicht immer in allen Fragen einer Meinung waren, habe ich den Austausch als Bereicherung erlebt&#8220;, sagte Aigner.<br \/>\nQuelle: bmelv.bund.de<\/p>\n<p>&nbsp;<\/p>\n","protected":false},"excerpt":{"rendered":"<p>Berlin: Bundeslandwirtschaftsministerin Ilse Aigner hat Joachim Rukwied zu seiner Wahl als neuer Pr\u00e4sident des Deutschen Bauernverbandes gratuliert. &#8222;Ich w\u00fcnsche Joachim Rukwied viel Erfolg f\u00fcr seine neue Aufgabe und freue mich auf eine gute und konstruktive Zusammenarbeit mit dem neuen DBV-Pr\u00e4sidenten&#8220;, sagte Aigner am Mittwoch zum Deutschen Bauerntag im oberbayerischen F\u00fcrstenfeldbruck. Joachim Rukwied wurde von den [&hellip;]<\/p>\n","protected":false},"author":7,"featured_media":0,"comment_status":"open","ping_status":"open","sticky":false,"template":"","format":"standard","meta":{"footnotes":""},"categories":[44,3],"tags":[674],"class_list":["post-2999","post","type-post","status-publish","format-standard","hentry","category-deutschland-2","category-news","tag-bauernverband"],"_links":{"self":[{"href":"https:\/\/www.frankensicht.de\/index.php?rest_route=\/wp\/v2\/posts\/2999","targetHints":{"allow":["GET"]}}],"collection":[{"href":"https:\/\/www.frankensicht.de\/index.php?rest_route=\/wp\/v2\/posts"}],"about":[{"href":"https:\/\/www.frankensicht.de\/index.php?rest_route=\/wp\/v2\/types\/post"}],"author":[{"embeddable":true,"href":"https:\/\/www.frankensicht.de\/index.php?rest_route=\/wp\/v2\/users\/7"}],"replies":[{"embeddable":true,"href":"https:\/\/www.frankensicht.de\/index.php?rest_route=%2Fwp%2Fv2%2Fcomments&post=2999"}],"version-history":[{"count":0,"href":"https:\/\/www.frankensicht.de\/index.php?rest_route=\/wp\/v2\/posts\/2999\/revisions"}],"wp:attachment":[{"href":"https:\/\/www.frankensicht.de\/index.php?rest_route=%2Fwp%2Fv2%2Fmedia&parent=2999"}],"wp:term":[{"taxonomy":"category","embeddable":true,"href":"https:\/\/www.frankensicht.de\/index.php?rest_route=%2Fwp%2Fv2%2Fcategories&post=2999"},{"taxonomy":"post_tag","embeddable":true,"href":"https:\/\/www.frankensicht.de\/index.php?rest_route=%2Fwp%2Fv2%2Ftags&post=2999"}],"curies":[{"name":"wp","href":"https:\/\/api.w.org\/{rel}","templated":true}]}}