{"id":2727,"date":"2012-06-17T10:11:44","date_gmt":"2012-06-17T08:11:44","guid":{"rendered":"http:\/\/www.frankensicht.de\/?p=2727"},"modified":"2012-06-17T10:11:44","modified_gmt":"2012-06-17T08:11:44","slug":"zukunftige-generationen-schon-heute-fur-klimaschutz-begeistern","status":"publish","type":"post","link":"https:\/\/www.frankensicht.de\/?p=2727","title":{"rendered":"Zuk\u00fcnftige Generationen schon heute f\u00fcr Klimaschutz begeistern"},"content":{"rendered":"<p><span style=\"color: #ff0000;\">M\u00fcnchen:<\/span><\/p>\n<p>F\u00fcnfte Bayerische Klimawoche er\u00f6ffnet<\/p>\n<p class=\"text\">Klimaschutz bedeutet schon heute die Verantwortung<br \/>\nf\u00fcr unsere Kinder und Enkel zu \u00fcbernehmen. Dies betonte<br \/>\nder <strong>Bayerische Umweltminister Dr.\u00a0Marcel Huber<\/strong><br \/>\nbeim Start der f\u00fcnften Bayerischen Klimawoche auf<br \/>\ndem Lernfest in Benediktbeuern. Deshalb richten sich<br \/>\ndie Veranstaltungen der f\u00fcnften Bayerischen Klimawoche<br \/>\nin diesem Jahr auch besonders an die Entscheidungstr\u00e4ger<br \/>\nvon morgen: Kinder und Jugendliche. &#8222;Es ist unsere<br \/>\nAufgabe, besonders bei Kindern und Jugendlichen ein<br \/>\nBewusstsein f\u00fcr den praktischen Klimaschutz im Alltag<br \/>\nzu schaffen. Klimaschutz und Energiesparen m\u00fcssen<br \/>\nf\u00fcr die nachfolgenden Generation zur Selbstverst\u00e4ndlichkeit<br \/>\nwerden&#8220;, so Huber. Deshalb liefere die Klimawoche wichtiges<br \/>\nWissen und Tipps rund um das Thema Klimaschutz. &#8222;Denn:<br \/>\nOhne Kenntnis kein Verst\u00e4ndnis&#8220;, sagte Huber.<\/p>\n<p><a href=\"https:\/\/www.frankensicht.de\/?attachment_id=2728\" rel=\"attachment wp-att-2728\"><img loading=\"lazy\" decoding=\"async\" class=\"alignnone size-medium wp-image-2728\" title=\"klimaschutz\" src=\"https:\/\/www.frankensicht.de\/wp-content\/uploads\/2012\/06\/klimaschutz-300x187.jpg\" alt=\"\" width=\"300\" height=\"187\" srcset=\"https:\/\/www.frankensicht.de\/wp-content\/uploads\/2012\/06\/klimaschutz-300x187.jpg 300w, https:\/\/www.frankensicht.de\/wp-content\/uploads\/2012\/06\/klimaschutz.jpg 640w\" sizes=\"auto, (max-width: 300px) 100vw, 300px\" \/><\/a><\/p>\n<p>Klimawandel<br \/>\nund Energiewende sind nach wie vor zentrale Zukunftsthemen<br \/>\nder Bayerischen Staatsregierung. Auch angesichts des<br \/>\nUN-Gipfels zur nachhaltigen Entwicklung in Rio de Janeiro<br \/>\nbetonte Huber: &#8222;Energiewende und Klimaschutz sind kein<br \/>\nWiderspruch. Wer beispielsweise statt dem Auto das<br \/>\nFahrrad benutzt, spart Ressourcen und schont gleichzeitig<br \/>\ndas Klima. Der Klimaschutz tr\u00e4gt zum Gelingen der<br \/>\nEnergiewende aktiv bei.&#8220; Gerade jetzt m\u00fcsse der Klimaschutz<br \/>\nweltweit wieder mehr in den Mittelpunkt r\u00fccken.<\/p>\n<p>Bayern<br \/>\nist Vorreiter beim Klimaschutz. Bereits im Jahr 2000<br \/>\nhat Bayern mit einem eigenen Klimaschutzkonzept ein<br \/>\nZeichen gesetzt: Der Freistaat hat seit 2008 insgesamt<br \/>\n\u00fcber eine dreiviertel Milliarde Euro f\u00fcr den Klimaschutz<br \/>\nausgegeben, das ist mehr als jedes andere Bundesland.<br \/>\nIn den n\u00e4chsten f\u00fcnf Jahren wird der Freistaat mehr<br \/>\nals eine Milliarde Euro in Energie, Klimaschutz und<br \/>\nInnovation investieren. Bereits im Nachtragshaushalt<br \/>\n2012 stehen unter anderem f\u00fcr die energetische Sanierung<br \/>\nstaatlicher Geb\u00e4ude, die Fortf\u00fchrung des CO<sub>2<\/sub>-Minderungsprogramms,<br \/>\naber auch f\u00fcr Anpassungsma\u00dfnahmen wie Waldumbau und<br \/>\nMoorrenaturierung 126,5 Millionen zur Verf\u00fcgung. &#8222;Wir<br \/>\nwerden unser Ziel erreichen: Die energiebedingten CO<sub>2<\/sub>-Emissionen<br \/>\nvon \u00fcber 90 Millionen Tonnen in den 90er Jahren wollen<br \/>\nwir bis zum Jahr 2010 auf 80 Millionen Tonnen senken<br \/>\n&#8211; trotz des konjunkturbedingten Anstiegs im Jahr 2010&#8243;,<br \/>\nso Huber. Der CO<sub>2<\/sub>-Aussto\u00df sei damit schon<br \/>\nheute mit rund 6\u00a0Tonnen pro Kopf und Jahr weit unter<br \/>\ndem Bundesdurchschnitt mit 9,5 Tonnen. &#8222;Bis 2020 wollen<br \/>\nwir auf deutlich unter 6 Tonnen kommen&#8220;, betonte Huber.<\/p>\n<p>Die Bayerische Klimawoche ist die wichtigste<br \/>\ngemeinsame Aktion der Bayerischen Klimaallianz. Sie<br \/>\nfindet in der Zeit vom 16. bis 23. Juni 2012 statt.<br \/>\nZiel ist es, die Menschen mit vielf\u00e4ltigen Aktivit\u00e4ten<br \/>\nf\u00fcr den Klimaschutz und den verantwortlichen \u00f6kologischen<br \/>\nUmgang mit Energie zu sensibilisieren. Exkursionen,<br \/>\nVortr\u00e4ge, Ausstellungen, Energieberatungen oder Workshops<br \/>\nsollen zum Weiterdenken und Mitmachen anregen. So denken<br \/>\nKinder und Jugendliche beispielsweise bei der Kinder-Klimakonferenz<br \/>\ngemeinsam \u00fcber Ern\u00e4hrung und Lebensstil nach. Ein<br \/>\nweiteres Projekt ist die Ausstellung &#8222;Energie macht<br \/>\nSchule im Wittelsbacher Land&#8220; im Landratsamt Aichach,<br \/>\nbei der unter anderem ein von Sch\u00fclern gedrehter Film<br \/>\n\u00fcber Wasserkraft gezeigt wird.<\/p>\n<p>Quelle: stmug.bayern.de<\/p>\n<p>&nbsp;<\/p>\n<p>&nbsp;<\/p>\n<p>&nbsp;<\/p>\n","protected":false},"excerpt":{"rendered":"<p>M\u00fcnchen: F\u00fcnfte Bayerische Klimawoche er\u00f6ffnet Klimaschutz bedeutet schon heute die Verantwortung f\u00fcr unsere Kinder und Enkel zu \u00fcbernehmen. Dies betonte der Bayerische Umweltminister Dr.\u00a0Marcel Huber beim Start der f\u00fcnften Bayerischen Klimawoche auf dem Lernfest in Benediktbeuern. Deshalb richten sich die Veranstaltungen der f\u00fcnften Bayerischen Klimawoche in diesem Jahr auch besonders an die Entscheidungstr\u00e4ger von morgen: [&hellip;]<\/p>\n","protected":false},"author":7,"featured_media":2728,"comment_status":"open","ping_status":"open","sticky":false,"template":"","format":"standard","meta":{"footnotes":""},"categories":[78,71],"tags":[238],"class_list":["post-2727","post","type-post","status-publish","format-standard","has-post-thumbnail","hentry","category-bayern","category-menue","tag-klimaschutz"],"_links":{"self":[{"href":"https:\/\/www.frankensicht.de\/index.php?rest_route=\/wp\/v2\/posts\/2727","targetHints":{"allow":["GET"]}}],"collection":[{"href":"https:\/\/www.frankensicht.de\/index.php?rest_route=\/wp\/v2\/posts"}],"about":[{"href":"https:\/\/www.frankensicht.de\/index.php?rest_route=\/wp\/v2\/types\/post"}],"author":[{"embeddable":true,"href":"https:\/\/www.frankensicht.de\/index.php?rest_route=\/wp\/v2\/users\/7"}],"replies":[{"embeddable":true,"href":"https:\/\/www.frankensicht.de\/index.php?rest_route=%2Fwp%2Fv2%2Fcomments&post=2727"}],"version-history":[{"count":0,"href":"https:\/\/www.frankensicht.de\/index.php?rest_route=\/wp\/v2\/posts\/2727\/revisions"}],"wp:featuredmedia":[{"embeddable":true,"href":"https:\/\/www.frankensicht.de\/index.php?rest_route=\/wp\/v2\/media\/2728"}],"wp:attachment":[{"href":"https:\/\/www.frankensicht.de\/index.php?rest_route=%2Fwp%2Fv2%2Fmedia&parent=2727"}],"wp:term":[{"taxonomy":"category","embeddable":true,"href":"https:\/\/www.frankensicht.de\/index.php?rest_route=%2Fwp%2Fv2%2Fcategories&post=2727"},{"taxonomy":"post_tag","embeddable":true,"href":"https:\/\/www.frankensicht.de\/index.php?rest_route=%2Fwp%2Fv2%2Ftags&post=2727"}],"curies":[{"name":"wp","href":"https:\/\/api.w.org\/{rel}","templated":true}]}}