{"id":2703,"date":"2012-06-16T20:46:01","date_gmt":"2012-06-16T18:46:01","guid":{"rendered":"http:\/\/www.frankensicht.de\/?p=2703"},"modified":"2012-06-16T20:46:01","modified_gmt":"2012-06-16T18:46:01","slug":"feuerwehr-bruck-stellt-sich-bei-aktionstag-vor","status":"publish","type":"post","link":"https:\/\/www.frankensicht.de\/?p=2703","title":{"rendered":"Feuerwehr Bruck stellt sich bei Aktionstag vor"},"content":{"rendered":"<p><span style=\"color: #ff0000;\">Erlangen:\u00a0<\/span><\/p>\n<p>Die Freiwillige Feuerwehr Bruck veranstaltet am Sonntag, 17. Juni, ab 13:00 Uhr auf dem Festplatz Felix-Klein-Stra\u00dfe\/Zimmermannsgasse einen Aktionstag. Dabei gibt es f\u00fcr die B\u00fcrgerinnen und B\u00fcrger einen Einblick in die T\u00e4tigkeiten der ehrenamtlichen Brandsch\u00fctzer. Au\u00dferdem gibt es auch Informationen zur erfolgreichen Kooperation mit der Werkfeuerwehr Siemens in dem Stadtteil. B\u00fcrgermeisterin und Feuerwehrreferentin Birgitt A\u00dfmus besucht die Veranstaltung am Nachmittag.<\/p>\n<p>Quelle:erlangen.de<\/p>\n<p><a href=\"https:\/\/www.frankensicht.de\/?attachment_id=668\" rel=\"attachment wp-att-668\"><img loading=\"lazy\" decoding=\"async\" class=\"alignnone size-full wp-image-668\" title=\"feuerwehr\" src=\"https:\/\/www.frankensicht.de\/wp-content\/uploads\/2012\/04\/feuerwehr.jpg\" alt=\"\" width=\"300\" height=\"200\" srcset=\"https:\/\/www.frankensicht.de\/wp-content\/uploads\/2012\/04\/feuerwehr.jpg 300w, https:\/\/www.frankensicht.de\/wp-content\/uploads\/2012\/04\/feuerwehr-298x200.jpg 298w, https:\/\/www.frankensicht.de\/wp-content\/uploads\/2012\/04\/feuerwehr-220x146.jpg 220w\" sizes=\"auto, (max-width: 300px) 100vw, 300px\" \/><\/a><\/p>\n<p>&nbsp;<\/p>\n","protected":false},"excerpt":{"rendered":"<p>Erlangen:\u00a0 Die Freiwillige Feuerwehr Bruck veranstaltet am Sonntag, 17. Juni, ab 13:00 Uhr auf dem Festplatz Felix-Klein-Stra\u00dfe\/Zimmermannsgasse einen Aktionstag. Dabei gibt es f\u00fcr die B\u00fcrgerinnen und B\u00fcrger einen Einblick in die T\u00e4tigkeiten der ehrenamtlichen Brandsch\u00fctzer. Au\u00dferdem gibt es auch Informationen zur erfolgreichen Kooperation mit der Werkfeuerwehr Siemens in dem Stadtteil. B\u00fcrgermeisterin und Feuerwehrreferentin Birgitt A\u00dfmus [&hellip;]<\/p>\n","protected":false},"author":7,"featured_media":668,"comment_status":"open","ping_status":"open","sticky":false,"template":"","format":"standard","meta":{"footnotes":""},"categories":[111,71,85],"tags":[603],"class_list":["post-2703","post","type-post","status-publish","format-standard","has-post-thumbnail","hentry","category-erlangen-mittelfranken","category-menue","category-mittelfranken","tag-feuerwehr-bruck"],"_links":{"self":[{"href":"https:\/\/www.frankensicht.de\/index.php?rest_route=\/wp\/v2\/posts\/2703","targetHints":{"allow":["GET"]}}],"collection":[{"href":"https:\/\/www.frankensicht.de\/index.php?rest_route=\/wp\/v2\/posts"}],"about":[{"href":"https:\/\/www.frankensicht.de\/index.php?rest_route=\/wp\/v2\/types\/post"}],"author":[{"embeddable":true,"href":"https:\/\/www.frankensicht.de\/index.php?rest_route=\/wp\/v2\/users\/7"}],"replies":[{"embeddable":true,"href":"https:\/\/www.frankensicht.de\/index.php?rest_route=%2Fwp%2Fv2%2Fcomments&post=2703"}],"version-history":[{"count":0,"href":"https:\/\/www.frankensicht.de\/index.php?rest_route=\/wp\/v2\/posts\/2703\/revisions"}],"wp:featuredmedia":[{"embeddable":true,"href":"https:\/\/www.frankensicht.de\/index.php?rest_route=\/wp\/v2\/media\/668"}],"wp:attachment":[{"href":"https:\/\/www.frankensicht.de\/index.php?rest_route=%2Fwp%2Fv2%2Fmedia&parent=2703"}],"wp:term":[{"taxonomy":"category","embeddable":true,"href":"https:\/\/www.frankensicht.de\/index.php?rest_route=%2Fwp%2Fv2%2Fcategories&post=2703"},{"taxonomy":"post_tag","embeddable":true,"href":"https:\/\/www.frankensicht.de\/index.php?rest_route=%2Fwp%2Fv2%2Ftags&post=2703"}],"curies":[{"name":"wp","href":"https:\/\/api.w.org\/{rel}","templated":true}]}}