{"id":2660,"date":"2012-06-16T11:34:07","date_gmt":"2012-06-16T09:34:07","guid":{"rendered":"http:\/\/www.frankensicht.de\/?p=2660"},"modified":"2012-06-16T11:34:07","modified_gmt":"2012-06-16T09:34:07","slug":"kultusministerium-stellt-schulen-budget-fur-reisekosten-von-lehrkraften-zur-verfugung-schulen-erstellen-ein-fahrtenprogramm-kultusministerium-hat-schulen-nicht-zur-suche-von-sponsoren-aufgefordert","status":"publish","type":"post","link":"https:\/\/www.frankensicht.de\/?p=2660","title":{"rendered":"Kultusministerium stellt Schulen Budget f\u00fcr Reisekosten von Lehrkr\u00e4ften zur Verf\u00fcgung &#8211; Schulen erstellen ein Fahrtenprogramm &#8211; Kultusministerium hat Schulen nicht zur Suche von Sponsoren aufgefordert &#8211; BLLV-Aussagen falsch"},"content":{"rendered":"<p><span style=\"color: #ff0000;\">M\u00fcnchen:<\/span><br \/>\nDas Bayerische Kultusministerium stellt den Schulen die entsprechenden Reisekosten f\u00fcr die Lehrkr\u00e4fte bei Schulfahrten zur Verf\u00fcgung.<br \/>\nDas Budget, das dazu bereit gestellt wird, konnte in den vergangenen Jahren deutlich ausgeweitet werden.<br \/>\nDie Schulen erstellen auf der Grundlage ihres Budgets ein Fahrtenprogramm.<br \/>\nDie Klassenfahrten in ein Schullandheim, die vor allem von Grundschulen und den ersten Jahrgangsstufen der weiterf\u00fchrenden Schulen besonders gern als Ziel ausgesucht werden, scheitern nicht an vermeintlich fehlenden Mitteln f\u00fcr die Reisekosten.<br \/>\nDas Kultusministerium hat die Schulen nicht zur Suche von Sponsoren aufgefordert. Die Aussagen des BLLV in dieser Hinsicht sind falsch.<\/p>\n<p>Quelle: stmuk.bayern.de<\/p>\n<p><a href=\"https:\/\/www.frankensicht.de\/?attachment_id=2661\" rel=\"attachment wp-att-2661\"><img loading=\"lazy\" decoding=\"async\" class=\"alignnone size-medium wp-image-2661\" title=\"Kaffeeklappe mit Turm und Residenz\" src=\"https:\/\/www.frankensicht.de\/wp-content\/uploads\/2012\/06\/Kaffeeklappe-mit-Turm-und-Residenz-300x225.jpg\" alt=\"\" width=\"300\" height=\"225\" srcset=\"https:\/\/www.frankensicht.de\/wp-content\/uploads\/2012\/06\/Kaffeeklappe-mit-Turm-und-Residenz-300x225.jpg 300w, https:\/\/www.frankensicht.de\/wp-content\/uploads\/2012\/06\/Kaffeeklappe-mit-Turm-und-Residenz-1024x768.jpg 1024w\" sizes=\"auto, (max-width: 300px) 100vw, 300px\" \/><\/a><\/p>\n<p>&nbsp;<\/p>\n<p>&nbsp;<\/p>\n","protected":false},"excerpt":{"rendered":"<p>M\u00fcnchen: Das Bayerische Kultusministerium stellt den Schulen die entsprechenden Reisekosten f\u00fcr die Lehrkr\u00e4fte bei Schulfahrten zur Verf\u00fcgung. Das Budget, das dazu bereit gestellt wird, konnte in den vergangenen Jahren deutlich ausgeweitet werden. Die Schulen erstellen auf der Grundlage ihres Budgets ein Fahrtenprogramm. Die Klassenfahrten in ein Schullandheim, die vor allem von Grundschulen und den ersten [&hellip;]<\/p>\n","protected":false},"author":7,"featured_media":2661,"comment_status":"open","ping_status":"open","sticky":false,"template":"","format":"standard","meta":{"footnotes":""},"categories":[78,71],"tags":[597],"class_list":["post-2660","post","type-post","status-publish","format-standard","has-post-thumbnail","hentry","category-bayern","category-menue","tag-reisekosten-lehrer"],"_links":{"self":[{"href":"https:\/\/www.frankensicht.de\/index.php?rest_route=\/wp\/v2\/posts\/2660","targetHints":{"allow":["GET"]}}],"collection":[{"href":"https:\/\/www.frankensicht.de\/index.php?rest_route=\/wp\/v2\/posts"}],"about":[{"href":"https:\/\/www.frankensicht.de\/index.php?rest_route=\/wp\/v2\/types\/post"}],"author":[{"embeddable":true,"href":"https:\/\/www.frankensicht.de\/index.php?rest_route=\/wp\/v2\/users\/7"}],"replies":[{"embeddable":true,"href":"https:\/\/www.frankensicht.de\/index.php?rest_route=%2Fwp%2Fv2%2Fcomments&post=2660"}],"version-history":[{"count":0,"href":"https:\/\/www.frankensicht.de\/index.php?rest_route=\/wp\/v2\/posts\/2660\/revisions"}],"wp:featuredmedia":[{"embeddable":true,"href":"https:\/\/www.frankensicht.de\/index.php?rest_route=\/wp\/v2\/media\/2661"}],"wp:attachment":[{"href":"https:\/\/www.frankensicht.de\/index.php?rest_route=%2Fwp%2Fv2%2Fmedia&parent=2660"}],"wp:term":[{"taxonomy":"category","embeddable":true,"href":"https:\/\/www.frankensicht.de\/index.php?rest_route=%2Fwp%2Fv2%2Fcategories&post=2660"},{"taxonomy":"post_tag","embeddable":true,"href":"https:\/\/www.frankensicht.de\/index.php?rest_route=%2Fwp%2Fv2%2Ftags&post=2660"}],"curies":[{"name":"wp","href":"https:\/\/api.w.org\/{rel}","templated":true}]}}