{"id":2446,"date":"2012-06-10T10:09:32","date_gmt":"2012-06-10T08:09:32","guid":{"rendered":"http:\/\/www.frankensicht.de\/?p=2446"},"modified":"2012-06-10T10:09:32","modified_gmt":"2012-06-10T08:09:32","slug":"heinrich-kirchner-skulpturengarten-feiert-30-geburtstag","status":"publish","type":"post","link":"https:\/\/www.frankensicht.de\/?p=2446","title":{"rendered":"Heinrich-Kirchner-Skulpturengarten feiert 30. Geburtstag"},"content":{"rendered":"<p>Erlangen:<br \/>\nDer Heinrich-Kirchner-Skulpturengarten am Burgberg ist 30 Jahre alt. Das Kunstpalais der Stadt Erlangen hat dazu ein umfangreiches Aktionsprogramm zusammengestellt, das mit einer F\u00fchrung am Sonntag, 10. Juni, um 14:00 Uhr startet. Dabei geht es um \u201eHeinrich Kirchner und die Liebe\u201c, der Kurator des Kunstmuseums, J\u00fcrgen Sandweg, f\u00fchrt durch den Garten. Der Eintritt ist frei. Im Innenhof des Palais Stutterheim wird vom 12. Juni bis 31. Juli der zehnmin\u00fctige Film des Erlanger Fotografen Erich Malter (Titel: Aus Niedrigkeit erschaffst du Bl\u00fcten) gezeigt. Er behandelt den K\u00fcnstler Heinrich Kirchner und den Burgberggarten.<br \/>\nBis 26. August bietet das Kunstpalais sieben weitere F\u00fchrungen an. Au\u00dferdem findet am Samstag, 23. Juni, ab 16:00 Uhr ein Sommerfest statt. Erg\u00e4nzt wird das Programm durch mehrere Workshops. Unter www.kunstpalais.de&lt;http:\/\/www.kunstpalais.de&gt; gibt es das gesamte Programm.<br \/>\nF\u00fcr den Skulpurengarten schuf der Erlanger K\u00fcnstler Heinrich Kirchner (1902-1984) monumentale Gro\u00dfplastiken, beispielsweise den vier Meter hohen \u201eWanderer Mensch\u201c. Immer wieder reflektierte Kirchner in seinen k\u00fcnstlerischen Arbeiten den modernen Menschen in der Gesellschaft, arbeitete nach den Schrecken des Zweiten Weltkriegs an einem neuen Menschenbild \u2013 insbesondere auch im christlich-religi\u00f6sen Kontext \u2013 und pl\u00e4dierte f\u00fcr ein Miteinander von Mensch und Natur. In B\u00fcchenbach sind eine Schule und eine Stra\u00dfe nach ihm benannt. Die Stadt Erlangen zeichnete den K\u00fcnstler und Bildhauer 1975 mit dem Goldenen Ehrenring aus.<\/p>\n<p>Quelle:erlangen.de<\/p>\n<p><a href=\"https:\/\/www.frankensicht.de\/?attachment_id=2448\" rel=\"attachment wp-att-2448\"><img loading=\"lazy\" decoding=\"async\" class=\"alignnone size-full wp-image-2448\" title=\"kirchner_skulptur\" src=\"https:\/\/www.frankensicht.de\/wp-content\/uploads\/2012\/06\/kirchner_skulptur.jpg\" alt=\"\" width=\"180\" height=\"115\" \/><\/a><\/p>\n<p>@erlangen.de<\/p>\n","protected":false},"excerpt":{"rendered":"<p>Erlangen: Der Heinrich-Kirchner-Skulpturengarten am Burgberg ist 30 Jahre alt. Das Kunstpalais der Stadt Erlangen hat dazu ein umfangreiches Aktionsprogramm zusammengestellt, das mit einer F\u00fchrung am Sonntag, 10. Juni, um 14:00 Uhr startet. Dabei geht es um \u201eHeinrich Kirchner und die Liebe\u201c, der Kurator des Kunstmuseums, J\u00fcrgen Sandweg, f\u00fchrt durch den Garten. Der Eintritt ist frei. [&hellip;]<\/p>\n","protected":false},"author":7,"featured_media":0,"comment_status":"open","ping_status":"open","sticky":false,"template":"","format":"standard","meta":{"footnotes":""},"categories":[111,71,85],"tags":[555],"class_list":["post-2446","post","type-post","status-publish","format-standard","hentry","category-erlangen-mittelfranken","category-menue","category-mittelfranken","tag-heinrich-kirchner-skulpturengarten"],"_links":{"self":[{"href":"https:\/\/www.frankensicht.de\/index.php?rest_route=\/wp\/v2\/posts\/2446","targetHints":{"allow":["GET"]}}],"collection":[{"href":"https:\/\/www.frankensicht.de\/index.php?rest_route=\/wp\/v2\/posts"}],"about":[{"href":"https:\/\/www.frankensicht.de\/index.php?rest_route=\/wp\/v2\/types\/post"}],"author":[{"embeddable":true,"href":"https:\/\/www.frankensicht.de\/index.php?rest_route=\/wp\/v2\/users\/7"}],"replies":[{"embeddable":true,"href":"https:\/\/www.frankensicht.de\/index.php?rest_route=%2Fwp%2Fv2%2Fcomments&post=2446"}],"version-history":[{"count":0,"href":"https:\/\/www.frankensicht.de\/index.php?rest_route=\/wp\/v2\/posts\/2446\/revisions"}],"wp:attachment":[{"href":"https:\/\/www.frankensicht.de\/index.php?rest_route=%2Fwp%2Fv2%2Fmedia&parent=2446"}],"wp:term":[{"taxonomy":"category","embeddable":true,"href":"https:\/\/www.frankensicht.de\/index.php?rest_route=%2Fwp%2Fv2%2Fcategories&post=2446"},{"taxonomy":"post_tag","embeddable":true,"href":"https:\/\/www.frankensicht.de\/index.php?rest_route=%2Fwp%2Fv2%2Ftags&post=2446"}],"curies":[{"name":"wp","href":"https:\/\/api.w.org\/{rel}","templated":true}]}}