{"id":2440,"date":"2012-06-09T23:34:56","date_gmt":"2012-06-09T21:34:56","guid":{"rendered":"http:\/\/www.frankensicht.de\/?p=2440"},"modified":"2012-06-09T23:34:56","modified_gmt":"2012-06-09T21:34:56","slug":"infoveranstaltung-des-vgn-zur-stadt-umland-bahn","status":"publish","type":"post","link":"https:\/\/www.frankensicht.de\/?p=2440","title":{"rendered":"Infoveranstaltung des VGN zur Stadt-Umland-Bahn"},"content":{"rendered":"<p><a href=\"https:\/\/www.frankensicht.de\/?attachment_id=2441\" rel=\"attachment wp-att-2441\"><img loading=\"lazy\" decoding=\"async\" class=\"alignnone size-full wp-image-2441\" title=\"Logo\" src=\"https:\/\/www.frankensicht.de\/wp-content\/uploads\/2012\/06\/Logo.gif\" alt=\"\" width=\"210\" height=\"145\" \/><\/a><span style=\"color: #ff0000;\"><br \/>\n<\/span><br \/>\nDer Verkehrsverbund Gro\u00dfraum N\u00fcrnberg (VGN) l\u00e4dt am Dienstag, 12. Juni, um 19:00 Uhr zu einer Informationsveranstaltung in das Kulturzentrum E-Werk (Fuchsenwiese 1, gro\u00dfer Saal) ein. Dabei geht es um das Gutachten zur Stadt-Umland-Bahn (StUB). Das B\u00fcro Intraplan und Mitglieder des projektbegleitenden Arbeitskreises StUB stellen Ergebnisse der gesamtwirtschaftlichen Untersuchung, den derzeitigen Planungsstand und die Folgekostenrechnung vor. Erlangens Oberb\u00fcrgermeister Siegfried Balleis und Baureferent Josef Weber nehmen an der Veranstaltung teil.<\/p>\n<p>quelle:erlangen.de<\/p>\n<p>&nbsp;<\/p>\n<p>@vgn.de<\/p>\n","protected":false},"excerpt":{"rendered":"<p>Der Verkehrsverbund Gro\u00dfraum N\u00fcrnberg (VGN) l\u00e4dt am Dienstag, 12. Juni, um 19:00 Uhr zu einer Informationsveranstaltung in das Kulturzentrum E-Werk (Fuchsenwiese 1, gro\u00dfer Saal) ein. Dabei geht es um das Gutachten zur Stadt-Umland-Bahn (StUB). Das B\u00fcro Intraplan und Mitglieder des projektbegleitenden Arbeitskreises StUB stellen Ergebnisse der gesamtwirtschaftlichen Untersuchung, den derzeitigen Planungsstand und die Folgekostenrechnung vor. [&hellip;]<\/p>\n","protected":false},"author":7,"featured_media":0,"comment_status":"open","ping_status":"open","sticky":false,"template":"","format":"standard","meta":{"footnotes":""},"categories":[111,71,85],"tags":[554],"class_list":["post-2440","post","type-post","status-publish","format-standard","hentry","category-erlangen-mittelfranken","category-menue","category-mittelfranken","tag-verkehrsverbund-grosraum-nurnberg"],"_links":{"self":[{"href":"https:\/\/www.frankensicht.de\/index.php?rest_route=\/wp\/v2\/posts\/2440","targetHints":{"allow":["GET"]}}],"collection":[{"href":"https:\/\/www.frankensicht.de\/index.php?rest_route=\/wp\/v2\/posts"}],"about":[{"href":"https:\/\/www.frankensicht.de\/index.php?rest_route=\/wp\/v2\/types\/post"}],"author":[{"embeddable":true,"href":"https:\/\/www.frankensicht.de\/index.php?rest_route=\/wp\/v2\/users\/7"}],"replies":[{"embeddable":true,"href":"https:\/\/www.frankensicht.de\/index.php?rest_route=%2Fwp%2Fv2%2Fcomments&post=2440"}],"version-history":[{"count":0,"href":"https:\/\/www.frankensicht.de\/index.php?rest_route=\/wp\/v2\/posts\/2440\/revisions"}],"wp:attachment":[{"href":"https:\/\/www.frankensicht.de\/index.php?rest_route=%2Fwp%2Fv2%2Fmedia&parent=2440"}],"wp:term":[{"taxonomy":"category","embeddable":true,"href":"https:\/\/www.frankensicht.de\/index.php?rest_route=%2Fwp%2Fv2%2Fcategories&post=2440"},{"taxonomy":"post_tag","embeddable":true,"href":"https:\/\/www.frankensicht.de\/index.php?rest_route=%2Fwp%2Fv2%2Ftags&post=2440"}],"curies":[{"name":"wp","href":"https:\/\/api.w.org\/{rel}","templated":true}]}}