{"id":2432,"date":"2012-06-09T12:53:42","date_gmt":"2012-06-09T10:53:42","guid":{"rendered":"http:\/\/www.frankensicht.de\/?p=2432"},"modified":"2012-06-09T12:53:42","modified_gmt":"2012-06-09T10:53:42","slug":"bayerns-verbraucherschutzministerin-beate-merk-begrust-stopp-des-schufa-projekts","status":"publish","type":"post","link":"https:\/\/www.frankensicht.de\/?p=2432","title":{"rendered":"Bayerns Verbraucherschutzministerin Beate Merk begr\u00fc\u00dft Stopp des Schufa-Projekts"},"content":{"rendered":"<p><span style=\"color: #ff0000;\">M\u00fcnchen:<\/span><br \/>\nBayerns Justiz- und Verbraucherschutzministerin<br \/>\nDr. Beate Merk begr\u00fc\u00dft den jetzt bekannt gewordenen<br \/>\nStopp des Schufa-Projekts zur Ausforschung von Internetdaten<br \/>\nzum Zweck der Bonit\u00e4tspr\u00fcfung.<\/p>\n<p>&nbsp;<\/p>\n<p>&#8222;Es<br \/>\nfreut mich, dass der \u00f6ffentliche Protest offenbar<br \/>\nErfolg hatte und die Schufa nun von dem Vorhaben Abstand<br \/>\nnimmt, Informationen aus sozialen Netzwerken zu wirtschaftlichen<br \/>\nZwecken zu missbrauchen&#8220;, so Merk. &#8222;Die klare \u00f6ffentliche<br \/>\nReaktion hat also ihre Wirkung nicht verfehlt.&#8220;<\/p>\n<p>&nbsp;<\/p>\n<p>Die<br \/>\nMinisterin gab ihrer Erwartung Ausdruck, dass auch<br \/>\nandere Unternehmen, die m\u00f6glicherweise bereits jetzt<br \/>\nauf soziale Netzwerke zugreifen, ohne dies \u00f6ffentlich<br \/>\nzu machen, diese Reaktion zur Kenntnis nehmen und von<br \/>\nihrem Tun Abstand nehmen. Merk: &#8222;Und nach wie vor appelliere<br \/>\nich an die Internetnutzer: Auch wenn die Schufa nun<br \/>\nvon ihrem Vorhaben abgelassen hat, sollte dieses jedem<br \/>\nNutzer sozialer Netzwerke zu denken geben: \u00dcberlegen<br \/>\nSie gut, welche Daten Sie im Internet preisgeben. Hier<br \/>\nkann jeder mitlesen, und das auch noch nach Jahren!&#8220;<\/p>\n<p>Quelle: stmj.bayern.de<\/p>\n<p><a href=\"https:\/\/www.frankensicht.de\/?attachment_id=2389\" rel=\"attachment wp-att-2389\"><img loading=\"lazy\" decoding=\"async\" class=\"alignnone size-medium wp-image-2389\" title=\"schufa\" src=\"https:\/\/www.frankensicht.de\/wp-content\/uploads\/2012\/06\/schufa-300x187.jpg\" alt=\"\" width=\"300\" height=\"187\" srcset=\"https:\/\/www.frankensicht.de\/wp-content\/uploads\/2012\/06\/schufa-300x187.jpg 300w, https:\/\/www.frankensicht.de\/wp-content\/uploads\/2012\/06\/schufa.jpg 640w\" sizes=\"auto, (max-width: 300px) 100vw, 300px\" \/><\/a><\/p>\n","protected":false},"excerpt":{"rendered":"<p>M\u00fcnchen: Bayerns Justiz- und Verbraucherschutzministerin Dr. Beate Merk begr\u00fc\u00dft den jetzt bekannt gewordenen Stopp des Schufa-Projekts zur Ausforschung von Internetdaten zum Zweck der Bonit\u00e4tspr\u00fcfung. &nbsp; &#8222;Es freut mich, dass der \u00f6ffentliche Protest offenbar Erfolg hatte und die Schufa nun von dem Vorhaben Abstand nimmt, Informationen aus sozialen Netzwerken zu wirtschaftlichen Zwecken zu missbrauchen&#8220;, so Merk. [&hellip;]<\/p>\n","protected":false},"author":7,"featured_media":2389,"comment_status":"open","ping_status":"open","sticky":false,"template":"","format":"standard","meta":{"footnotes":""},"categories":[78,71],"tags":[551,550],"class_list":["post-2432","post","type-post","status-publish","format-standard","has-post-thumbnail","hentry","category-bayern","category-menue","tag-fb","tag-schufa-und-facebook"],"_links":{"self":[{"href":"https:\/\/www.frankensicht.de\/index.php?rest_route=\/wp\/v2\/posts\/2432","targetHints":{"allow":["GET"]}}],"collection":[{"href":"https:\/\/www.frankensicht.de\/index.php?rest_route=\/wp\/v2\/posts"}],"about":[{"href":"https:\/\/www.frankensicht.de\/index.php?rest_route=\/wp\/v2\/types\/post"}],"author":[{"embeddable":true,"href":"https:\/\/www.frankensicht.de\/index.php?rest_route=\/wp\/v2\/users\/7"}],"replies":[{"embeddable":true,"href":"https:\/\/www.frankensicht.de\/index.php?rest_route=%2Fwp%2Fv2%2Fcomments&post=2432"}],"version-history":[{"count":0,"href":"https:\/\/www.frankensicht.de\/index.php?rest_route=\/wp\/v2\/posts\/2432\/revisions"}],"wp:featuredmedia":[{"embeddable":true,"href":"https:\/\/www.frankensicht.de\/index.php?rest_route=\/wp\/v2\/media\/2389"}],"wp:attachment":[{"href":"https:\/\/www.frankensicht.de\/index.php?rest_route=%2Fwp%2Fv2%2Fmedia&parent=2432"}],"wp:term":[{"taxonomy":"category","embeddable":true,"href":"https:\/\/www.frankensicht.de\/index.php?rest_route=%2Fwp%2Fv2%2Fcategories&post=2432"},{"taxonomy":"post_tag","embeddable":true,"href":"https:\/\/www.frankensicht.de\/index.php?rest_route=%2Fwp%2Fv2%2Ftags&post=2432"}],"curies":[{"name":"wp","href":"https:\/\/api.w.org\/{rel}","templated":true}]}}