{"id":2409,"date":"2012-06-09T09:41:55","date_gmt":"2012-06-09T07:41:55","guid":{"rendered":"http:\/\/www.frankensicht.de\/?p=2409"},"modified":"2012-06-09T09:41:55","modified_gmt":"2012-06-09T07:41:55","slug":"keine-hilfen-ohne-auflagen","status":"publish","type":"post","link":"https:\/\/www.frankensicht.de\/?p=2409","title":{"rendered":"Keine Hilfen ohne Auflagen"},"content":{"rendered":"<p><span style=\"color: #ff0000;\">M\u00fcnchen:<\/span><\/p>\n<p>Bayerns Wirtschaftsminister Zeil zur Debatte um Spanien<\/p>\n<p>Der bayerische Wirtschaftsminister<br \/>\nund stellvertretende Ministerpr\u00e4sident Martin Zeil<br \/>\nfordert die Bundesregierung auf, sich bei m\u00f6glichen<br \/>\nHilfen f\u00fcr spanische Banken auf keine faulen Kompromisse<br \/>\neinzulassen. Vor allem die von Spanien gew\u00fcnschten<br \/>\ndirekten Zahlungen an ihre heimischen Banken lehnt<br \/>\nder Minister ab. \u201eFinanzielle Hilfen kann und darf<br \/>\nes nur gegen entsprechende Auflagen der Staatengemeinschaft<br \/>\ngeben\u201c, stellt Zeil klar. Solidarit\u00e4t sei nun mal<br \/>\nkeine Einbahnstrasse. \u201eIch wundere mich schon, mit<br \/>\nwelcher Nonchalance von uns erwartet wird, Spaniens<br \/>\nBanken \u2013 ohne entsprechende Gegenleistungen \u2013 mit<br \/>\ndem Geld der deutschen Steuerzahler zu st\u00fctzen\u201c,<br \/>\nso der Minister. So k\u00f6nne Europa nicht funktionieren.<\/p>\n<p>&nbsp;<\/p>\n<p>Zeil lehnt dar\u00fcber hinaus alle<br \/>\n\u00fcberhasteten \u00dcberlegungen zu einer europ\u00e4ischen<br \/>\nEinlagesicherung zur St\u00fctzung der notleidenden Banken<br \/>\nim S\u00fcden Europas ab. Dies sei nichts weiter als die<br \/>\nEinf\u00fchrung von Eurobonds durch die Hintert\u00fcr. \u201eWir<br \/>\nhaben den europ\u00e4ischen Rettungsschirmen bewusst die<br \/>\nM\u00f6glichkeit einger\u00e4umt, Banken zu rekapitalisieren,<br \/>\num das verh\u00e4ngnisvolle Zusammenwirken von Staatsschulden<br \/>\nund Bankenkrise zu l\u00f6sen\u201c, erl\u00e4utert der Minister.<br \/>\n\u201eDaher sollten wir im Zweifel auch die Rettungsschirme<br \/>\nnutzen und nicht schon wieder eine Diskussion um ein<br \/>\nneues Instrument anzetteln.\u201c<\/p>\n<p>&nbsp;<\/p>\n<p>Zeil<br \/>\nwarnt davor, einmal getroffene Entscheidungen immer<br \/>\nwieder neu in Frage zu stellen. Die notwendige Glaubw\u00fcrdigkeit<br \/>\neiner europ\u00e4ischen Krisenpolitik sei so nicht herzustellen.<br \/>\n\u201eIch erwarte hier von der Kommission, dass sie unmissverst\u00e4ndlich<br \/>\nklar stellt, dass es unkonditionierte Hilfen nicht<br \/>\ngeben kann\u201c, so Zeil. \u201eDie Kommission ist die H\u00fcterin<br \/>\nder europ\u00e4ischen Vertr\u00e4ge und Vereinbarungen. Es<br \/>\nw\u00e4re gut, wenn sie diese Aufgabe wesentlich offensiver<br \/>\nund deutlicher als heute wahrnehmen w\u00fcrde\u201c, mahnt<br \/>\nZeil. Es k\u00f6nne nicht sein, dass in der europ\u00e4ischen<br \/>\n\u00d6ffentlichkeit nur noch die Bundesregierung f\u00fcr solide<br \/>\nFinanzen, eine stabile W\u00e4hrung und ein wettbewerbsf\u00e4higes<br \/>\nEuropa eintrete.<\/p>\n<p>Quelle: stmwivt.bayern.de<\/p>\n<p><a href=\"https:\/\/www.frankensicht.de\/?attachment_id=2411\" rel=\"attachment wp-att-2411\"><img loading=\"lazy\" decoding=\"async\" class=\"alignnone size-full wp-image-2411\" title=\"150px-Flag_of_Spain.svg\" src=\"https:\/\/www.frankensicht.de\/wp-content\/uploads\/2012\/06\/150px-Flag_of_Spain.svg_.png\" alt=\"\" width=\"150\" height=\"100\" \/><\/a><\/p>\n<p>@wikipedia.org<\/p>\n<p align=\"center\">&#8211; . &#8211;<\/p>\n<p>&nbsp;<\/p>\n<p>&nbsp;<\/p>\n","protected":false},"excerpt":{"rendered":"<p>M\u00fcnchen: Bayerns Wirtschaftsminister Zeil zur Debatte um Spanien Der bayerische Wirtschaftsminister und stellvertretende Ministerpr\u00e4sident Martin Zeil fordert die Bundesregierung auf, sich bei m\u00f6glichen Hilfen f\u00fcr spanische Banken auf keine faulen Kompromisse einzulassen. Vor allem die von Spanien gew\u00fcnschten direkten Zahlungen an ihre heimischen Banken lehnt der Minister ab. \u201eFinanzielle Hilfen kann und darf es nur [&hellip;]<\/p>\n","protected":false},"author":7,"featured_media":0,"comment_status":"open","ping_status":"open","sticky":false,"template":"","format":"standard","meta":{"footnotes":""},"categories":[78,71],"tags":[545,546],"class_list":["post-2409","post","type-post","status-publish","format-standard","hentry","category-bayern","category-menue","tag-spanien","tag-wirtschaftskrise"],"_links":{"self":[{"href":"https:\/\/www.frankensicht.de\/index.php?rest_route=\/wp\/v2\/posts\/2409","targetHints":{"allow":["GET"]}}],"collection":[{"href":"https:\/\/www.frankensicht.de\/index.php?rest_route=\/wp\/v2\/posts"}],"about":[{"href":"https:\/\/www.frankensicht.de\/index.php?rest_route=\/wp\/v2\/types\/post"}],"author":[{"embeddable":true,"href":"https:\/\/www.frankensicht.de\/index.php?rest_route=\/wp\/v2\/users\/7"}],"replies":[{"embeddable":true,"href":"https:\/\/www.frankensicht.de\/index.php?rest_route=%2Fwp%2Fv2%2Fcomments&post=2409"}],"version-history":[{"count":0,"href":"https:\/\/www.frankensicht.de\/index.php?rest_route=\/wp\/v2\/posts\/2409\/revisions"}],"wp:attachment":[{"href":"https:\/\/www.frankensicht.de\/index.php?rest_route=%2Fwp%2Fv2%2Fmedia&parent=2409"}],"wp:term":[{"taxonomy":"category","embeddable":true,"href":"https:\/\/www.frankensicht.de\/index.php?rest_route=%2Fwp%2Fv2%2Fcategories&post=2409"},{"taxonomy":"post_tag","embeddable":true,"href":"https:\/\/www.frankensicht.de\/index.php?rest_route=%2Fwp%2Fv2%2Ftags&post=2409"}],"curies":[{"name":"wp","href":"https:\/\/api.w.org\/{rel}","templated":true}]}}