{"id":2398,"date":"2012-06-11T16:15:11","date_gmt":"2012-06-11T14:15:11","guid":{"rendered":"http:\/\/www.frankensicht.de\/?p=2398"},"modified":"2012-06-11T16:15:11","modified_gmt":"2012-06-11T14:15:11","slug":"schutz-vor-stalking-konkreter-gesetzesvorschlag-prasentiert","status":"publish","type":"post","link":"https:\/\/www.frankensicht.de\/?p=2398","title":{"rendered":"Schutz vor Stalking &#8211; Konkreter Gesetzesvorschlag pr\u00e4sentiert"},"content":{"rendered":"<p><span style=\"color: #ff0000;\">M\u00fcnchen:<\/span><\/p>\n<p>Bayerns Justizministerin Dr. Beate Merk macht nun<br \/>\nN\u00e4gel mit K\u00f6pfen bei der von ihr geforderten Versch\u00e4rfung<br \/>\ndes Anti-Stalking-Paragraphen: Die Ministerin wird<br \/>\nder Justizministerkonferenz am kommenden Mittwoch,<br \/>\n13. Juni 2012 einen konkreten Formulierungsvorschlag<br \/>\nunterbreiten, um den strafrechtlichen Schutz von gestalkten<br \/>\nFrauen und M\u00e4nnern zu verbessern.<\/p>\n<p>&nbsp;<\/p>\n<p>&#8222;Bisher<br \/>\nkrankt die strafrechtliche Verfolgung von Stalkern<br \/>\ndaran, dass eine psychische Belastung des Opfers, und<br \/>\nsei sie auch noch so stark, allein nicht ausreicht&#8220;,<br \/>\nso Merk. &#8222;Vielmehr muss beim Opfer erst eine \u2018schwerwiegende<br \/>\nBeeintr\u00e4chtigung der Lebensgestaltung\u2018 eintreten<br \/>\n&#8211; das hei\u00dft, es muss seine \u00e4u\u00dfere Lebensf\u00fchrung<br \/>\n\u00e4ndern.&#8220; Das Opfer, das St\u00e4rke zeige und sich nach<br \/>\nau\u00dfen nichts anmerken lasse, werde also im Regelfall<br \/>\nnicht gesch\u00fctzt.<\/p>\n<p>&nbsp;<\/p>\n<p>&#8222;Hier muss<br \/>\nes in Zukunft reichen, dass das beharrliche Nachstellen<br \/>\n\u2018geeignet\u2018 ist, die schwerwiegende Beeintr\u00e4chtigung<br \/>\nder Lebensgestaltung herbeizuf\u00fchren&#8220;, so Merk. &#8222;Dann<br \/>\nk\u00f6nnen wir in derartigen F\u00e4llen auch leichter fr\u00fchzeitig<br \/>\nmit Untersuchungshaft, der beim Stalking so genannten<br \/>\n&#8222;Deeskalationshaft&#8220;, reagieren.&#8220;<\/p>\n<p>&nbsp;<\/p>\n<p>Der<br \/>\nStalking-Paragraph soll nach dem Vorschlag Merks k\u00fcnftig<br \/>\nfolgende Fassung erhalten (wesentliche \u00c4nderung gegen\u00fcber<br \/>\ndem im Jahr 2007 eingef\u00fchrten Pragraphen ist in Fettschrift<br \/>\nhervorgehoben):<\/p>\n<p align=\"center\">\u00a7<br \/>\n238 Nachstellung<\/p>\n<p>(1)<br \/>\nWer einem Menschen in einer Weise unbefugt nachstellt,<br \/>\ndie<strong> geeignet ist, ihn in seiner Lebensgestaltung<br \/>\nschwerwiegend zu beeintr\u00e4chtigen<\/strong>, indem er<br \/>\nbeharrlich<\/p>\n<ol>\n<li>seine r\u00e4umliche N\u00e4he<br \/>\naufsucht,<\/li>\n<li>unter Verwendung von Telekommunikationsmitteln<br \/>\noder sonstigen Mitteln der Kommunikation oder \u00fcber<br \/>\nDritte Kontakt zu ihm herzustellen versucht,<\/li>\n<li>unter<br \/>\nmissbr\u00e4uchlicher Verwendung von dessen personenbezogenen<br \/>\nDaten Bestellungen von Waren oder Dienstleistungen<br \/>\nf\u00fcr ihn aufgibt oder Dritte veranlasst, mit diesem<br \/>\nKontakt aufzunehmen,<\/li>\n<li>ihn mit der Verletzung<br \/>\nvon Leben, k\u00f6rperlicher Unversehrtheit, Gesundheit<br \/>\noder Freiheit seiner selbst oder einer ihm nahe stehenden<br \/>\nPerson bedroht oder<\/li>\n<li>eine andere vergleichbare<br \/>\nHandlung vornimmt,<br \/>\nwird mit Freiheitsstrafe bis<br \/>\nzu drei Jahren oder mit Geldstrafe bestraft.<\/li>\n<\/ol>\n<p>Quelle:stmj.bayern.de<\/p>\n<p><a href=\"https:\/\/www.frankensicht.de\/?attachment_id=1410\" rel=\"attachment wp-att-1410\"><img loading=\"lazy\" decoding=\"async\" class=\"alignnone size-medium wp-image-1410\" title=\"paragraf\" src=\"https:\/\/www.frankensicht.de\/wp-content\/uploads\/2012\/05\/paragraf-300x187.jpg\" alt=\"\" width=\"300\" height=\"187\" srcset=\"https:\/\/www.frankensicht.de\/wp-content\/uploads\/2012\/05\/paragraf-300x187.jpg 300w, https:\/\/www.frankensicht.de\/wp-content\/uploads\/2012\/05\/paragraf.jpg 640w\" sizes=\"auto, (max-width: 300px) 100vw, 300px\" \/><\/a><\/p>\n<p>&nbsp;<\/p>\n","protected":false},"excerpt":{"rendered":"<p>M\u00fcnchen: Bayerns Justizministerin Dr. Beate Merk macht nun N\u00e4gel mit K\u00f6pfen bei der von ihr geforderten Versch\u00e4rfung des Anti-Stalking-Paragraphen: Die Ministerin wird der Justizministerkonferenz am kommenden Mittwoch, 13. Juni 2012 einen konkreten Formulierungsvorschlag unterbreiten, um den strafrechtlichen Schutz von gestalkten Frauen und M\u00e4nnern zu verbessern. &nbsp; &#8222;Bisher krankt die strafrechtliche Verfolgung von Stalkern daran, dass [&hellip;]<\/p>\n","protected":false},"author":7,"featured_media":1410,"comment_status":"open","ping_status":"open","sticky":false,"template":"","format":"standard","meta":{"footnotes":""},"categories":[78,71],"tags":[542],"class_list":["post-2398","post","type-post","status-publish","format-standard","has-post-thumbnail","hentry","category-bayern","category-menue","tag-stalking"],"_links":{"self":[{"href":"https:\/\/www.frankensicht.de\/index.php?rest_route=\/wp\/v2\/posts\/2398","targetHints":{"allow":["GET"]}}],"collection":[{"href":"https:\/\/www.frankensicht.de\/index.php?rest_route=\/wp\/v2\/posts"}],"about":[{"href":"https:\/\/www.frankensicht.de\/index.php?rest_route=\/wp\/v2\/types\/post"}],"author":[{"embeddable":true,"href":"https:\/\/www.frankensicht.de\/index.php?rest_route=\/wp\/v2\/users\/7"}],"replies":[{"embeddable":true,"href":"https:\/\/www.frankensicht.de\/index.php?rest_route=%2Fwp%2Fv2%2Fcomments&post=2398"}],"version-history":[{"count":0,"href":"https:\/\/www.frankensicht.de\/index.php?rest_route=\/wp\/v2\/posts\/2398\/revisions"}],"wp:featuredmedia":[{"embeddable":true,"href":"https:\/\/www.frankensicht.de\/index.php?rest_route=\/wp\/v2\/media\/1410"}],"wp:attachment":[{"href":"https:\/\/www.frankensicht.de\/index.php?rest_route=%2Fwp%2Fv2%2Fmedia&parent=2398"}],"wp:term":[{"taxonomy":"category","embeddable":true,"href":"https:\/\/www.frankensicht.de\/index.php?rest_route=%2Fwp%2Fv2%2Fcategories&post=2398"},{"taxonomy":"post_tag","embeddable":true,"href":"https:\/\/www.frankensicht.de\/index.php?rest_route=%2Fwp%2Fv2%2Ftags&post=2398"}],"curies":[{"name":"wp","href":"https:\/\/api.w.org\/{rel}","templated":true}]}}