{"id":2338,"date":"2012-06-07T23:12:20","date_gmt":"2012-06-07T21:12:20","guid":{"rendered":"http:\/\/www.frankensicht.de\/?p=2338"},"modified":"2012-06-07T23:12:20","modified_gmt":"2012-06-07T21:12:20","slug":"erlanger-stadtbibliothek-%e2%80%9etop","status":"publish","type":"post","link":"https:\/\/www.frankensicht.de\/?p=2338","title":{"rendered":"Erlanger Stadtbibliothek \u201etop\u201c"},"content":{"rendered":"<p><span style=\"color: #ff0000;\">Erlangen:<\/span><br \/>\nDie Stadtbibliothek Erlangen ist jetzt erneut mit dem G\u00fctesiegel \u201eBibliotheken \u2013 Partner der Schulen\u201c vom Bayerischen Kultus- und vom Wissenschaftsministerium ausgezeichnet worden. Das Siegel erhalten Bibliotheken, die in den Bereichen Lesef\u00f6rderung, Vermittlung von Informationskompetenz und bibliotheksfachliche Dienstleistungen besonders intensiv und beispielhaft mit Schulen zusammenarbeiten. Die Bibliothek der Hugenottenstadt hat seit Jahren eine enge Zusammenarbeit mit mehreren Schulen. Vor kurzem wurde sie um einen weiteren \u201eBaustein\u201c erweitert: RechercheFit zeigt Jugendlichen in der Oberstufe die M\u00f6glichkeit, mit welchen Datenbanken man am besten an Informationen f\u00fcr Seminararbeiten kommt. Die offizielle Verleihung findet im Juli statt.<\/p>\n<p>Die Top-Gruppe im Bibliotheksindex (BIX), der u.a. vom deutschen Bibliotheksverband, der BertelsmannStiftung und der Hochschule der Medien Stuttgart erstellt wird, teilt sich Erlangen mit den St\u00e4dten Dresden, G\u00f6ttingen und W\u00fcrzburg. Sie sind die vier einzigen von 45 Gro\u00dfstadt-Bibliotheken, die in allen vier gemessenen Dimensionen Angebote, Nutzung, Effizienz und Entwicklung \u201etop\u201c sind.<\/p>\n<p>Quelle: erlangen.de<\/p>\n<p><a href=\"https:\/\/www.frankensicht.de\/?attachment_id=2368\" rel=\"attachment wp-att-2368\"><img loading=\"lazy\" decoding=\"async\" class=\"alignnone size-medium wp-image-2368\" title=\"buecherei\" src=\"https:\/\/www.frankensicht.de\/wp-content\/uploads\/2012\/06\/buecherei-300x144.png\" alt=\"\" width=\"300\" height=\"144\" srcset=\"https:\/\/www.frankensicht.de\/wp-content\/uploads\/2012\/06\/buecherei-300x144.png 300w, https:\/\/www.frankensicht.de\/wp-content\/uploads\/2012\/06\/buecherei.png 520w\" sizes=\"auto, (max-width: 300px) 100vw, 300px\" \/><\/a><\/p>\n<p>&nbsp;<\/p>\n","protected":false},"excerpt":{"rendered":"<p>Erlangen: Die Stadtbibliothek Erlangen ist jetzt erneut mit dem G\u00fctesiegel \u201eBibliotheken \u2013 Partner der Schulen\u201c vom Bayerischen Kultus- und vom Wissenschaftsministerium ausgezeichnet worden. Das Siegel erhalten Bibliotheken, die in den Bereichen Lesef\u00f6rderung, Vermittlung von Informationskompetenz und bibliotheksfachliche Dienstleistungen besonders intensiv und beispielhaft mit Schulen zusammenarbeiten. Die Bibliothek der Hugenottenstadt hat seit Jahren eine enge Zusammenarbeit [&hellip;]<\/p>\n","protected":false},"author":7,"featured_media":2368,"comment_status":"open","ping_status":"open","sticky":false,"template":"","format":"standard","meta":{"footnotes":""},"categories":[111,71,85],"tags":[530],"class_list":["post-2338","post","type-post","status-publish","format-standard","has-post-thumbnail","hentry","category-erlangen-mittelfranken","category-menue","category-mittelfranken","tag-stadtbibliothek"],"_links":{"self":[{"href":"https:\/\/www.frankensicht.de\/index.php?rest_route=\/wp\/v2\/posts\/2338","targetHints":{"allow":["GET"]}}],"collection":[{"href":"https:\/\/www.frankensicht.de\/index.php?rest_route=\/wp\/v2\/posts"}],"about":[{"href":"https:\/\/www.frankensicht.de\/index.php?rest_route=\/wp\/v2\/types\/post"}],"author":[{"embeddable":true,"href":"https:\/\/www.frankensicht.de\/index.php?rest_route=\/wp\/v2\/users\/7"}],"replies":[{"embeddable":true,"href":"https:\/\/www.frankensicht.de\/index.php?rest_route=%2Fwp%2Fv2%2Fcomments&post=2338"}],"version-history":[{"count":0,"href":"https:\/\/www.frankensicht.de\/index.php?rest_route=\/wp\/v2\/posts\/2338\/revisions"}],"wp:featuredmedia":[{"embeddable":true,"href":"https:\/\/www.frankensicht.de\/index.php?rest_route=\/wp\/v2\/media\/2368"}],"wp:attachment":[{"href":"https:\/\/www.frankensicht.de\/index.php?rest_route=%2Fwp%2Fv2%2Fmedia&parent=2338"}],"wp:term":[{"taxonomy":"category","embeddable":true,"href":"https:\/\/www.frankensicht.de\/index.php?rest_route=%2Fwp%2Fv2%2Fcategories&post=2338"},{"taxonomy":"post_tag","embeddable":true,"href":"https:\/\/www.frankensicht.de\/index.php?rest_route=%2Fwp%2Fv2%2Ftags&post=2338"}],"curies":[{"name":"wp","href":"https:\/\/api.w.org\/{rel}","templated":true}]}}