{"id":2143,"date":"2012-06-01T13:44:02","date_gmt":"2012-06-01T11:44:02","guid":{"rendered":"http:\/\/www.frankensicht.de\/?p=2143"},"modified":"2012-06-01T13:44:02","modified_gmt":"2012-06-01T11:44:02","slug":"mittelaltermarkt-im-herzen-der-altstadt-am-02-06-und-am-03-06-2012","status":"publish","type":"post","link":"https:\/\/www.frankensicht.de\/?p=2143","title":{"rendered":"Mittelaltermarkt im Herzen der Altstadt am 02.06. und am 03.06.2012"},"content":{"rendered":"<p><span style=\"color: #ff0000;\">Kulmbach:<\/span><\/p>\n<p>im Juni sind die Tage am l\u00e4ngsten \u2013 nicht nur bei den<br \/>\nLive-\u00dcbertragungen der Spiele unserer Nationalmannschaft auf dem<br \/>\nMarktplatz oder der Langen Einkaufsnacht am 02.06. bis 22.00 Uhr und<br \/>\nl\u00e4nger. Doch nicht nur die Moderne, sondern auch kulturhistorische Momente<br \/>\nwarten auf Sie: So pr\u00e4sentiert der Mittelaltermarkt im Herzen der Altstadt<br \/>\nam 02.06. und am 03.06. das raue Zeitalter von seiner sch\u00f6nsten und<br \/>\nam\u00fcsantesten Seite. Auf der Burg wird mit der Sonderausstellung &#8222;Friedrich<br \/>\nder Gro\u00dfe&#8220; ab dem 16.06. an den ber\u00fchmten Preu\u00dfenk\u00f6nig erinnert.<br \/>\nGemeinsam mit Musikern, Schauspielern und K\u00fcnstlern k\u00f6nnen Sie am 16.06.<br \/>\nbei der 1. Kulmbacher Sommerkulturnacht am und im Badhaus eine weitere<br \/>\nReise durch die Zeit unternehmen: Historische Stadt- und Kellerf\u00fchrungen,<br \/>\nein vielf\u00e4ltiges B\u00fchnenprogramm, eine Kunstmeile und Ausstellungen im<br \/>\nHistorischen Badhaus sowie ein breites Angebot an kulinarischen<br \/>\nSpezialit\u00e4ten haben wir f\u00fcr Sie vorbereitet. Der Eintritt ist \u00fcbrigens<br \/>\nfrei!<\/p>\n<p>Quelle: stadt-kulmbach.de<\/p>\n<p><a href=\"https:\/\/www.frankensicht.de\/?attachment_id=2144\" rel=\"attachment wp-att-2144\"><img loading=\"lazy\" decoding=\"async\" class=\"alignnone size-full wp-image-2144\" title=\"140px-Wappen_Kulmbach.svg\" src=\"https:\/\/www.frankensicht.de\/wp-content\/uploads\/2012\/05\/140px-Wappen_Kulmbach.svg_.png\" alt=\"\" width=\"140\" height=\"153\" \/><\/a><\/p>\n<p>@wikepedia.org<\/p>\n<p>&nbsp;<\/p>\n","protected":false},"excerpt":{"rendered":"<p>Kulmbach: im Juni sind die Tage am l\u00e4ngsten \u2013 nicht nur bei den Live-\u00dcbertragungen der Spiele unserer Nationalmannschaft auf dem Marktplatz oder der Langen Einkaufsnacht am 02.06. bis 22.00 Uhr und l\u00e4nger. Doch nicht nur die Moderne, sondern auch kulturhistorische Momente warten auf Sie: So pr\u00e4sentiert der Mittelaltermarkt im Herzen der Altstadt am 02.06. und [&hellip;]<\/p>\n","protected":false},"author":7,"featured_media":0,"comment_status":"open","ping_status":"open","sticky":false,"template":"","format":"standard","meta":{"footnotes":""},"categories":[95,71,83],"tags":[494],"class_list":["post-2143","post","type-post","status-publish","format-standard","hentry","category-kulmbach-oberfranken","category-menue","category-oberfranken","tag-mittelaltermarkt-kulmbach"],"_links":{"self":[{"href":"https:\/\/www.frankensicht.de\/index.php?rest_route=\/wp\/v2\/posts\/2143","targetHints":{"allow":["GET"]}}],"collection":[{"href":"https:\/\/www.frankensicht.de\/index.php?rest_route=\/wp\/v2\/posts"}],"about":[{"href":"https:\/\/www.frankensicht.de\/index.php?rest_route=\/wp\/v2\/types\/post"}],"author":[{"embeddable":true,"href":"https:\/\/www.frankensicht.de\/index.php?rest_route=\/wp\/v2\/users\/7"}],"replies":[{"embeddable":true,"href":"https:\/\/www.frankensicht.de\/index.php?rest_route=%2Fwp%2Fv2%2Fcomments&post=2143"}],"version-history":[{"count":0,"href":"https:\/\/www.frankensicht.de\/index.php?rest_route=\/wp\/v2\/posts\/2143\/revisions"}],"wp:attachment":[{"href":"https:\/\/www.frankensicht.de\/index.php?rest_route=%2Fwp%2Fv2%2Fmedia&parent=2143"}],"wp:term":[{"taxonomy":"category","embeddable":true,"href":"https:\/\/www.frankensicht.de\/index.php?rest_route=%2Fwp%2Fv2%2Fcategories&post=2143"},{"taxonomy":"post_tag","embeddable":true,"href":"https:\/\/www.frankensicht.de\/index.php?rest_route=%2Fwp%2Fv2%2Ftags&post=2143"}],"curies":[{"name":"wp","href":"https:\/\/api.w.org\/{rel}","templated":true}]}}