{"id":2050,"date":"2012-05-29T17:22:16","date_gmt":"2012-05-29T15:22:16","guid":{"rendered":"http:\/\/www.frankensicht.de\/?p=2050"},"modified":"2012-05-29T17:22:16","modified_gmt":"2012-05-29T15:22:16","slug":"vorlaufige-bewertung-des-hochwasserrisikos-in-bayern-abgeschlossen","status":"publish","type":"post","link":"https:\/\/www.frankensicht.de\/?p=2050","title":{"rendered":"Vorl\u00e4ufige Bewertung des Hochwasserrisikos in Bayern abgeschlossen"},"content":{"rendered":"<p><span style=\"color: #ff0000;\">M\u00fcnchen:<\/span><br \/>\nLandesamt f\u00fcr Umwelt erstellt bis Ende 2013 Gefahren-<br \/>\nund Risikokarten<\/p>\n<p>Die vorl\u00e4ufige Bewertung<br \/>\ndes Hochwasserrisikos in Bayern ist abgeschlossen.<br \/>\nDas betonte der <strong>Bayerische<\/strong> <strong>Umweltminister<br \/>\nDr. Marcel Huber<\/strong> anl\u00e4sslich der \u00dcbermittlung<br \/>\nder entsprechenden Daten an Bund und EU-Kommission.<br \/>\nHuber: &#8222;Wir wollen die Gefahr von Hochwassersch\u00e4den<br \/>\nweiter verringern. Die vorl\u00e4ufige Risikobewertung<br \/>\nist dabei ein wichtiger Schritt.&#8220;<\/p>\n<p>Ziel<br \/>\nsei eine Minderung der Hochwassersch\u00e4den durch angepasste<br \/>\nStrategien der Vorsorge, Bew\u00e4ltigung und Nachsorge.<br \/>\n&#8222;Hochwasserrisikopr\u00e4vention muss bei den Risikoschwerpunkten<br \/>\nansetzen. Wir m\u00fcssen dort handeln, wo ein Hochwasserrisiko<br \/>\nf\u00fcr die Bev\u00f6lkerung am gr\u00f6\u00dften ist. \u00dcber die Art<br \/>\nder Ma\u00dfnahmen wird vor Ort entschieden&#8220;, so Huber.<br \/>\nBei der vorl\u00e4ufigen Risikobewertung wurden hochwassergef\u00e4hrdete<br \/>\nFl\u00e4chen mit Landnutzungsdaten verschnitten und die<br \/>\nAuswirkung auf Mensch, Umwelt, Kulturg\u00fcter und Wirtschaft<br \/>\nbewertet. Ein besonderes Risiko besteht nicht nur an<br \/>\nden gr\u00f6\u00dferen Gew\u00e4ssern Bayerns sowie am Bodensee<br \/>\nund Tegernsee, sondern auch an einigen kleineren Gew\u00e4ssern,<br \/>\nan denen in der Vergangenheit vermehrt Hochwassersch\u00e4den<br \/>\naufgetreten sind. Auch an Gew\u00e4ssern, an denen kein<br \/>\nbesonderes Hochwasserrisiko festgestellt wurde, kann<br \/>\nes zu lokal starken Betroffenheiten durch Hochwasserereignisse<br \/>\nkommen. Das Schadenspotenzial ist hier aber insgesamt<br \/>\ngeringer. Das Hochwasserrisikomanagement ist Teil der<br \/>\nvorausschauenden bayerischen Klimapolitik. Bereits<br \/>\nim Jahr 2001 wurde das Hochwasserschutz-Aktionsprogramm<br \/>\n2020 mit einer Laufzeit von 20 Jahren und einem Gesamtvolumen<br \/>\nvon 2,3 Milliarden Euro aufgelegt.<\/p>\n<p>In Bayern<br \/>\ngibt es \u00fcber 100.000 Kilometer Gew\u00e4sser. An etwa<br \/>\n7.650 Gew\u00e4sserkilometern \u2013 das sind 8 Prozent der<br \/>\nbayerischen Gew\u00e4sser \u2013 besteht ein besonderes Hochwasserrisiko.<br \/>\nHier werden nun entsprechend den gesetzlichen Vorgaben<br \/>\ndes Bundes bis Ende 2013 durch das Landesamt f\u00fcr Umwelt<br \/>\nGefahren- und Risikokarten erstellt. Anschlie\u00dfend<br \/>\nwerden geeignete Ma\u00dfnahmen entwickelt um das Hochwasserrisiko<br \/>\nzu reduzieren. Dar\u00fcber hinaus m\u00fcssen an allen Risikogew\u00e4ssern<br \/>\ndie \u00dcberschwemmungsgebiete bis Ende 2013 vorl\u00e4ufig<br \/>\ngesichert werden, soweit dies nicht bereits erfolgt<br \/>\nist. Bezugspunkt ist hierbei \u2013 wie bisher \u2013 ein<br \/>\nHochwasser, das statistisch gesehen einmal in 100 Jahren<br \/>\nauftritt.<\/p>\n<p>Quelle: stmug.bayern.de<\/p>\n<p><a href=\"https:\/\/www.frankensicht.de\/?attachment_id=685\" rel=\"attachment wp-att-685\"><img loading=\"lazy\" decoding=\"async\" class=\"alignnone size-medium wp-image-685\" title=\"P1000313\" src=\"https:\/\/www.frankensicht.de\/wp-content\/uploads\/2012\/04\/P1000313-300x225.jpg\" alt=\"\" width=\"300\" height=\"225\" srcset=\"https:\/\/www.frankensicht.de\/wp-content\/uploads\/2012\/04\/P1000313-300x225.jpg 300w, https:\/\/www.frankensicht.de\/wp-content\/uploads\/2012\/04\/P1000313.jpg 640w\" sizes=\"auto, (max-width: 300px) 100vw, 300px\" \/><\/a><\/p>\n<p>&nbsp;<\/p>\n<p>&nbsp;<\/p>\n","protected":false},"excerpt":{"rendered":"<p>M\u00fcnchen: Landesamt f\u00fcr Umwelt erstellt bis Ende 2013 Gefahren- und Risikokarten Die vorl\u00e4ufige Bewertung des Hochwasserrisikos in Bayern ist abgeschlossen. Das betonte der Bayerische Umweltminister Dr. Marcel Huber anl\u00e4sslich der \u00dcbermittlung der entsprechenden Daten an Bund und EU-Kommission. Huber: &#8222;Wir wollen die Gefahr von Hochwassersch\u00e4den weiter verringern. Die vorl\u00e4ufige Risikobewertung ist dabei ein wichtiger Schritt.&#8220; [&hellip;]<\/p>\n","protected":false},"author":7,"featured_media":685,"comment_status":"open","ping_status":"open","sticky":false,"template":"","format":"standard","meta":{"footnotes":""},"categories":[78,71],"tags":[316],"class_list":["post-2050","post","type-post","status-publish","format-standard","has-post-thumbnail","hentry","category-bayern","category-menue","tag-hochwasserschutz"],"_links":{"self":[{"href":"https:\/\/www.frankensicht.de\/index.php?rest_route=\/wp\/v2\/posts\/2050","targetHints":{"allow":["GET"]}}],"collection":[{"href":"https:\/\/www.frankensicht.de\/index.php?rest_route=\/wp\/v2\/posts"}],"about":[{"href":"https:\/\/www.frankensicht.de\/index.php?rest_route=\/wp\/v2\/types\/post"}],"author":[{"embeddable":true,"href":"https:\/\/www.frankensicht.de\/index.php?rest_route=\/wp\/v2\/users\/7"}],"replies":[{"embeddable":true,"href":"https:\/\/www.frankensicht.de\/index.php?rest_route=%2Fwp%2Fv2%2Fcomments&post=2050"}],"version-history":[{"count":0,"href":"https:\/\/www.frankensicht.de\/index.php?rest_route=\/wp\/v2\/posts\/2050\/revisions"}],"wp:featuredmedia":[{"embeddable":true,"href":"https:\/\/www.frankensicht.de\/index.php?rest_route=\/wp\/v2\/media\/685"}],"wp:attachment":[{"href":"https:\/\/www.frankensicht.de\/index.php?rest_route=%2Fwp%2Fv2%2Fmedia&parent=2050"}],"wp:term":[{"taxonomy":"category","embeddable":true,"href":"https:\/\/www.frankensicht.de\/index.php?rest_route=%2Fwp%2Fv2%2Fcategories&post=2050"},{"taxonomy":"post_tag","embeddable":true,"href":"https:\/\/www.frankensicht.de\/index.php?rest_route=%2Fwp%2Fv2%2Ftags&post=2050"}],"curies":[{"name":"wp","href":"https:\/\/api.w.org\/{rel}","templated":true}]}}