{"id":18807,"date":"2026-09-06T08:34:56","date_gmt":"2026-09-06T06:34:56","guid":{"rendered":"https:\/\/www.frankensicht.de\/?p=18807"},"modified":"2026-09-06T08:34:56","modified_gmt":"2026-09-06T06:34:56","slug":"anschlag-in-muenchen-aiwanger-feiger-angriff-auf-bayerns-wirtschaft-schutzmassnahmen-muessen-leider-erhoeht-werden","status":"publish","type":"post","link":"https:\/\/www.frankensicht.de\/?p=18807","title":{"rendered":"Anschlag in M\u00fcnchen Aiwanger: &#8222;Feiger Angriff auf Bayerns Wirtschaft, Schutzma\u00dfnahmen m\u00fcssen leider erh\u00f6ht werden&#8220;"},"content":{"rendered":"<p><span style=\"color: #ff0000;\">M\u00fcnchen:<\/span><\/p>\n<p>Anschlag in M\u00fcnchen Aiwanger: &#8222;Feiger Angriff auf Bayerns Wirtschaft, Schutzma\u00dfnahmen m\u00fcssen leider erh\u00f6ht werden&#8220;<\/p>\n<p><a href=\"https:\/\/www.frankensicht.de\/?attachment_id=1616\" rel=\"attachment wp-att-1616\"><img loading=\"lazy\" decoding=\"async\" class=\"alignnone size-medium wp-image-1616\" src=\"https:\/\/www.frankensicht.de\/wp-content\/uploads\/2012\/05\/pks-300x200.jpg\" alt=\"\" width=\"300\" height=\"200\" srcset=\"https:\/\/www.frankensicht.de\/wp-content\/uploads\/2012\/05\/pks-300x200.jpg 300w, https:\/\/www.frankensicht.de\/wp-content\/uploads\/2012\/05\/pks-220x146.jpg 220w, https:\/\/www.frankensicht.de\/wp-content\/uploads\/2012\/05\/pks.jpg 474w\" sizes=\"auto, (max-width: 300px) 100vw, 300px\" \/><\/a><\/p>\n<p>Bayerns Wirtschaftsminister Hubert Aiwanger hat den Brandanschlag auf eine Baustelle eines bayerischen in M\u00fcnchen scharf verurteilt. \u00a0 Aiwanger: \u201eWir m\u00fcssen uns der Realit\u00e4t stellen, dass feige Angriffe auf deutsche Unternehmen und Infrastruktur zunehmen. Leider ist das nicht der erste Fall, in dem ein Technologieunternehmen mit N\u00e4he zur Sicherheits- und Verteidigungsindustrie ins Visier ger\u00e4t. Dies zwingt zu weiteren kostenintensiven Sicherheitsvorkehrungen und noch genauerem Hinsehen wer sich in Deutschland aufh\u00e4lt und welche kriminellen Netzwerke bestehen.\u201c \u00a0 Von der Bundesregierung erwartet Aiwanger zeitnah mehr Rechtssicherheit f\u00fcr ausgew\u00e4hlte Unternehmen, etwa im Bereich der Drohnenabwehr im Falle von Angriffen auf ihre Einrichtungen. \u00a0 Aiwanger zeigte sich erleichtert, dass kein gr\u00f6\u00dferer Schaden entstanden ist, und lobte das schnelle Eingreifen der Polizeibeamten: \u201eDer schnelle Fahndungserfolg spricht f\u00fcr die Qualit\u00e4t der Bayerischen Polizei.\u201c Mit Blick auf den zweiten, nicht gez\u00fcndeten Brandsatz erg\u00e4nzte Aiwanger: \u201eWir d\u00fcrfen uns aber nicht auf die Unf\u00e4higkeit der T\u00e4ter verlassen.\u201c<\/p>\n<p>Quelle:stmwi.bayern.de<\/p>\n","protected":false},"excerpt":{"rendered":"<p>M\u00fcnchen: Anschlag in M\u00fcnchen Aiwanger: &#8222;Feiger Angriff auf Bayerns Wirtschaft, Schutzma\u00dfnahmen m\u00fcssen leider erh\u00f6ht werden&#8220; Bayerns Wirtschaftsminister Hubert Aiwanger hat den Brandanschlag auf eine Baustelle eines bayerischen in M\u00fcnchen scharf verurteilt. \u00a0 Aiwanger: \u201eWir m\u00fcssen uns der Realit\u00e4t stellen, dass feige Angriffe auf deutsche Unternehmen und Infrastruktur zunehmen. Leider ist das nicht der erste Fall, [&hellip;]<\/p>\n","protected":false},"author":7,"featured_media":1616,"comment_status":"closed","ping_status":"open","sticky":false,"template":"","format":"standard","meta":{"footnotes":""},"categories":[78,71],"tags":[4913],"class_list":["post-18807","post","type-post","status-publish","format-standard","has-post-thumbnail","hentry","category-bayern","category-menue","tag-brandanschlag-muenchen"],"_links":{"self":[{"href":"https:\/\/www.frankensicht.de\/index.php?rest_route=\/wp\/v2\/posts\/18807","targetHints":{"allow":["GET"]}}],"collection":[{"href":"https:\/\/www.frankensicht.de\/index.php?rest_route=\/wp\/v2\/posts"}],"about":[{"href":"https:\/\/www.frankensicht.de\/index.php?rest_route=\/wp\/v2\/types\/post"}],"author":[{"embeddable":true,"href":"https:\/\/www.frankensicht.de\/index.php?rest_route=\/wp\/v2\/users\/7"}],"replies":[{"embeddable":true,"href":"https:\/\/www.frankensicht.de\/index.php?rest_route=%2Fwp%2Fv2%2Fcomments&post=18807"}],"version-history":[{"count":1,"href":"https:\/\/www.frankensicht.de\/index.php?rest_route=\/wp\/v2\/posts\/18807\/revisions"}],"predecessor-version":[{"id":18808,"href":"https:\/\/www.frankensicht.de\/index.php?rest_route=\/wp\/v2\/posts\/18807\/revisions\/18808"}],"wp:featuredmedia":[{"embeddable":true,"href":"https:\/\/www.frankensicht.de\/index.php?rest_route=\/wp\/v2\/media\/1616"}],"wp:attachment":[{"href":"https:\/\/www.frankensicht.de\/index.php?rest_route=%2Fwp%2Fv2%2Fmedia&parent=18807"}],"wp:term":[{"taxonomy":"category","embeddable":true,"href":"https:\/\/www.frankensicht.de\/index.php?rest_route=%2Fwp%2Fv2%2Fcategories&post=18807"},{"taxonomy":"post_tag","embeddable":true,"href":"https:\/\/www.frankensicht.de\/index.php?rest_route=%2Fwp%2Fv2%2Ftags&post=18807"}],"curies":[{"name":"wp","href":"https:\/\/api.w.org\/{rel}","templated":true}]}}