{"id":18798,"date":"2026-09-04T08:36:07","date_gmt":"2026-09-04T06:36:07","guid":{"rendered":"https:\/\/www.frankensicht.de\/?p=18798"},"modified":"2026-09-04T08:36:07","modified_gmt":"2026-09-04T06:36:07","slug":"krise-von-nationaler-tragweite-in-land-und-forstwirtschaft-erntezahlen-allein-bilden-gesamtlage-nicht-ab","status":"publish","type":"post","link":"https:\/\/www.frankensicht.de\/?p=18798","title":{"rendered":"Krise von nationaler Tragweite in Land- und Forstwirtschaft \u2013 Erntezahlen allein bilden Gesamtlage nicht ab"},"content":{"rendered":"<p><span style=\"color: #ff0000;\">Berlin:<\/span><\/p>\n<p>Krise von nationaler Tragweite in Land- und Forstwirtschaft \u2013 Erntezahlen allein bilden Gesamtlage nicht ab<\/p>\n<p>\u2022 Multifaktorielle Herausforderungen treffen Land- und Forstwirtschaft sowie Fischerei<br \/>\n\u2022 Ernte 2026 mit regional starken Schwankungen<br \/>\n\u2022 BMLEH st\u00e4rkt Betriebe mit Liquidit\u00e4tsrahmen<br \/>\n\u2022 Ern\u00e4hrungssicherung am Standort Deutschland<\/p>\n<p>Der Bundesminister f\u00fcr Landwirtschaft, Ern\u00e4hrung und Heimat, Alois Rainer, hat heute den amtlichen Erntebericht vorgestellt und Ma\u00dfnahmen f\u00fcr die Liquidit\u00e4tssicherung der land- und forstwirtschaftlichen Betriebe sowie der Fischereiwirtschaft in Deutschland angek\u00fcndigt.<br \/>\nIn einigen Regionen Deutschlands haben Trockenheit und Hitze deutliche, teils verheerende Spuren auf den Feldern hinterlassen:<br \/>\n\u2022 Mit rund 37,4 Millionen Tonnen geht die Erntemenge beim Getreide in diesem Jahr um 7,3 Prozent gegen\u00fcber dem guten Vorjahr deutlich zur\u00fcck.<br \/>\n\u2022 Bei der wichtigsten Getreidekultur, dem Winterweizen, liegt die Erntemenge voraussichtlich 10,4 Prozent unter dem Vorjahr!<br \/>\n\u2022 \u00c4hnlich ist die Lage beim Winterraps: Hier wird mit einer unterdurchschnittlichen Erntemenge, minus 11,5 Prozent unter dem Wert von 2025 gerechnet.<br \/>\n\u2022 F\u00fcr sp\u00e4te Kulturen (Zuckerr\u00fcben, K\u00f6rnermais, Kartoffeln, Hopfen etc. sowie Futterbau mit Gr\u00fcnland und Silomais) ist die Ernte im September noch nicht abgeschlossen &#8211; vorl\u00e4ufige Sch\u00e4tzungen lassen aber hohe Ertragsverluste in vielen Regionen bef\u00fcrchten.<br \/>\n\u2022 Besonders hart hat es zum Beispiel den Mais im S\u00fcden und S\u00fcdwesten getroffen. Dort ist er vielerorts kaum gewachsen, teilweise haben die Pflanzen nicht einmal Kolben ausgebildet.<br \/>\n\u2022 Auch bei der Getreide-Ernte insgesamt muss der S\u00fcden starke Verluste hinnehmen: In Bayern liegt die Ernte mit minus 8,6 Prozent deutlich unter dem mehrj\u00e4hrigen Durchschnitt.<br \/>\n\u2022 In Mecklenburg-Vorpommern, dem gr\u00f6\u00dften Rapsanbauland, werden die Hektarertr\u00e4ge, vor allem durch Insektensch\u00e4den, voraussichtlich rund 25 Prozent unter dem mehrj\u00e4hrigen Durchschnitt liegen.<br \/>\n\u2022 Extrem angespannt ist die Lage auch beim Futter: Im S\u00fcden und S\u00fcdwesten ist auf vielen Wiesen nach dem ersten Schnitt kaum noch Gras nachgewachsen. Viele Betriebe mussten deshalb schon im Sommer an ihre Futterreserven gehen.<br \/>\n\u2022 Das macht sich auch bei den Preisen bemerkbar: Heu hat sich allein im August bundesweit um 17 Prozent verteuert.<\/p>\n<p>Die Bilanz nach der Ernte zeigt aber auch deutlich, dass die Landwirtschaft viele Risiken gleichzeitig tragen muss: Der russische Angriffskrieg gegen die Ukraine und die Nahost-Krise haben zu weltweiten Verwerfungen gef\u00fchrt. Das betrifft die Energie- und D\u00fcngemittelm\u00e4rkte, Lieferketten sind eingeschr\u00e4nkt oder blockiert worden, die Produktionskosten steigen dadurch w\u00e4hrend gleichzeitig vielfach die Erzeugerpreise sinken \u2013 etwa beim Schweinefleisch. Jede dieser Belastungen w\u00e4re f\u00fcr sich genommen schon eine Herausforderung. In ihrer Summe und Gleichzeitigkeit setzen sie viele Betriebe massiv unter Druck.<\/p>\n<p>Bundesminister Rainer: \u201eWer Tag f\u00fcr Tag unsere Ern\u00e4hrung sichert und f\u00fcr unsere Kulturlandschaft arbeitet, muss sich darauf verlassen k\u00f6nnen, dass wir ihn in einer solchen Lage nicht alleinlassen. Unser Erntebericht zeigt Licht und Schatten mit regional gro\u00dfen Unterschieden, aber die Erntezahlen allein erz\u00e4hlen nicht die ganze Geschichte. Sie d\u00fcrfen nicht dar\u00fcber hinwegt\u00e4uschen, wie ernst die Lage auf vielen H\u00f6fen tats\u00e4chlich ist. Meine Bewertung ist eindeutig: Wir haben es mit einer Krise von nationaler Tragweite zu tun. Es geht nicht darum, jede Ertragsschwankung staatlich auszugleichen. Wenn aber die Substanz unserer Betriebe und damit Produktionskapazit\u00e4ten dauerhaft gef\u00e4hrdet sind, dann d\u00fcrfen wir nicht einfach zur Tagesordnung \u00fcbergehen. Daran h\u00e4ngen regionale Wertsch\u00f6pfung, Arbeitspl\u00e4tze im l\u00e4ndlichen Raum und auch unsere Versorgungssicherheit in Deutschland. Eine solche Lage verlangt nach einer kraftvollen Antwort, damit unsere Betriebe handlungsf\u00e4hig und liquide bleiben. Wir wollen einen Liquidit\u00e4tsrahmen, der insgesamt rund eine Milliarde Euro umfasst, auflegen. Wir m\u00fcssen jetzt handeln, bevor aus der akuten Krise ein dauerhafter Strukturbruch wird, gewachsene Strukturen und damit eine St\u00fcck Heimat verloren gehen. Deshalb will ich den Betrieben schnellstm\u00f6glich die notwendige Liquidit\u00e4t verschaffen, damit sie Betriebs- und Futtermittel beschaffen, handlungsf\u00e4hig bleiben und vor allem die Ernte 2027 sicherstellen k\u00f6nnen. Denn am Ende geht es dabei auch um die Ern\u00e4hrungssicherheit in Deutschland.\u201c<\/p>\n<p><a href=\"https:\/\/www.frankensicht.de\/?attachment_id=7527\" rel=\"attachment wp-att-7527\"><img loading=\"lazy\" decoding=\"async\" class=\"alignnone size-medium wp-image-7527\" src=\"https:\/\/www.frankensicht.de\/wp-content\/uploads\/2014\/08\/heu-300x225.jpg\" alt=\"\" width=\"300\" height=\"225\" srcset=\"https:\/\/www.frankensicht.de\/wp-content\/uploads\/2014\/08\/heu-300x225.jpg 300w, https:\/\/www.frankensicht.de\/wp-content\/uploads\/2014\/08\/heu.jpg 640w\" sizes=\"auto, (max-width: 300px) 100vw, 300px\" \/><\/a><\/p>\n<p>Die multifaktorielle Krise macht eine weitere Unterst\u00fctzung durch den Bund notwendig. Das Bundesministerium f\u00fcr Landwirtschaft, Ern\u00e4hrung und Heimat (BMLEH) hat in dieser multifaktoriellen Krise ein Liquidit\u00e4tsrahmen aufgesetzt:<\/p>\n<p>Liquidit\u00e4tsprogramm 1<br \/>\nDas bestehende Liquidit\u00e4tshilfeprogramm mit der Landwirtschaftlichen Rentenbank wird um 300 Millionen Euro auf ein Darlehensvolumen von insgesamt 500 Millionen Euro aufgestockt. Die Darlehen stehen unb\u00fcrokratisch und schnell zur Verf\u00fcgung \u2013 ohne Nachweis von Notlage und Verwendung.<\/p>\n<p>Liquidit\u00e4tsprogramm 2<br \/>\nDas BMLEH ist mit dem Bundesministerium f\u00fcr Finanzen in der Abstimmung, um schnellstm\u00f6glich ein zweites Liquidit\u00e4tsprogramm \u00fcber die Landwirtschaftliche Rentenbank aufzusetzen. Dieses Programm soll ebenfalls schlank ausgestaltet sein und m\u00f6glichst zeitnah an den Start gehen \u2013 mit deutlich st\u00e4rker gesenkten Zinsen und l\u00e4ngeren Laufzeiten.<\/p>\n<p>D\u00fcnger- und Energie-Krisenpaket<br \/>\nDas BMLEH wird die EU-D\u00fcngemittelhilfen in H\u00f6he von 60 Millionen Euro als Hektarpr\u00e4mien zielgenau den Betrieben zur Verf\u00fcgung stellen, bei denen Kosten f\u00fcr D\u00fcnger oder Diesel stark gestiegen sind \u2013 unb\u00fcrokratisch und ohne kompliziertes Antragsverfahren.<\/p>\n<p>Risikoausgleichsr\u00fccklage einf\u00fchren<br \/>\nDie Folgen des Klimawandels sind f\u00fcr die Landwirtschaft l\u00e4ngst Realit\u00e4t: D\u00fcrre, Hitze, Starkregen und andere Wetterextreme treten h\u00e4ufiger auf und f\u00fchren zu immer st\u00e4rkeren Schwankungen bei Ertr\u00e4gen und Einkommen. Die Betriebe brauchen deshalb ein wirksames Instrument, um in guten Jahren steuerfrei Vorsorge f\u00fcr Krisenjahre treffen zu k\u00f6nnen. Das BMLEH steht hierzu im Austausch mit dem Bundesministerium f\u00fcr Finanzen und setzt sich f\u00fcr die Einf\u00fchrung einer steuerlichen Risikoausgleichsr\u00fccklage ein. Angesichts der ver\u00e4nderten klimatischen Bedingungen brauchen wir dieses Instrument jetzt.<\/p>\n<p>Gewinngl\u00e4ttung \u00fcber 2028 hinaus<br \/>\nUm stark schwankende landwirtschaftliche Einkommen auszugleichen, strebt das BMLEH eine Verstetigung der sogenannten Gewinngl\u00e4ttung an. Auch hierzu laufen Gespr\u00e4che mit dem Bundesministerium der Finanzen.<\/p>\n<p>Mehrgefahrenversicherung \u00fcber die GAK f\u00f6rdern<br \/>\nBetriebe m\u00fcssen sich besser gegen unterschiedliche Wetterrisiken absichern k\u00f6nnen. Das BMLEH will zum Aufbau einer fl\u00e4chendeckenden Absicherung gegen Wetterextreme wie D\u00fcrre, Frost oder Starkregen beitragen. Daf\u00fcr soll im Austausch mit den Bundesl\u00e4ndern eine F\u00f6rderung von Mehrgefahrenversicherungen \u00fcber die GAK erm\u00f6glicht werden.<\/p>\n<p>W\u00e4lder mit Mitteln aus dem Klima- und Transformationsfonds (KTF) st\u00e4rken<br \/>\nKlimaver\u00e4nderungen, Trockenheit und zunehmende Waldbr\u00e4nde setzen unsere W\u00e4lder immer st\u00e4rker unter Druck. Das BMLEH setzt sich daf\u00fcr ein, dass die vorhandenen Bundesmittel von bis zu 100 Millionen Euro f\u00fcr die W\u00e4lder in Deutschland vollst\u00e4ndig mobilisiert werden, um in Waldumbau und Waldschutz zu investieren. Wir m\u00fcssen den Waldumbau hin zu klimaresilienten W\u00e4ldern beschleunigen und gleichzeitig Waldschutz und Pr\u00e4vention st\u00e4rken.<\/p>\n<p>Unterst\u00fctzung f\u00fcr die Fischerei<br \/>\nWegen der stark gestiegenen Energiekosten ist die Fischerei besonders betroffen. Deshalb stellt das BMLEH f\u00fcr Fischereibetriebe bis zu 4,5 Millionen Euro bereit \u2013 sie konnten vom Tankrabatt nicht profitieren. Von M\u00e4rz bis Juli 2026 werden 21 Cent pro Liter Diesel erstattet. Geplant ist zudem eine sogenannte Referenzflotte: Fischer k\u00f6nnen im Auftrag des BMLEH Daten erheben \u2013 und werden f\u00fcr diese Leistung verg\u00fctet. Daf\u00fcr stehen in den kommenden drei Jahren bis zu drei Millionen Euro bereit. Das schafft neue Einkommensm\u00f6glichkeiten f\u00fcr die Fischerei.<\/p>\n<p>Sie k\u00f6nnen den gesamten Erntebericht 2026 hier&lt;https:\/\/www.bmleh.de\/goto?id=131030&gt; abrufen.<\/p>\n<p>Quelle:bmleh.bund.de<\/p>\n","protected":false},"excerpt":{"rendered":"<p>Berlin: Krise von nationaler Tragweite in Land- und Forstwirtschaft \u2013 Erntezahlen allein bilden Gesamtlage nicht ab \u2022 Multifaktorielle Herausforderungen treffen Land- und Forstwirtschaft sowie Fischerei \u2022 Ernte 2026 mit regional starken Schwankungen \u2022 BMLEH st\u00e4rkt Betriebe mit Liquidit\u00e4tsrahmen \u2022 Ern\u00e4hrungssicherung am Standort Deutschland Der Bundesminister f\u00fcr Landwirtschaft, Ern\u00e4hrung und Heimat, Alois Rainer, hat heute den [&hellip;]<\/p>\n","protected":false},"author":7,"featured_media":7527,"comment_status":"closed","ping_status":"open","sticky":false,"template":"","format":"standard","meta":{"footnotes":""},"categories":[44,3],"tags":[4911],"class_list":["post-18798","post","type-post","status-publish","format-standard","has-post-thumbnail","hentry","category-deutschland-2","category-news","tag-erntebericht"],"_links":{"self":[{"href":"https:\/\/www.frankensicht.de\/index.php?rest_route=\/wp\/v2\/posts\/18798","targetHints":{"allow":["GET"]}}],"collection":[{"href":"https:\/\/www.frankensicht.de\/index.php?rest_route=\/wp\/v2\/posts"}],"about":[{"href":"https:\/\/www.frankensicht.de\/index.php?rest_route=\/wp\/v2\/types\/post"}],"author":[{"embeddable":true,"href":"https:\/\/www.frankensicht.de\/index.php?rest_route=\/wp\/v2\/users\/7"}],"replies":[{"embeddable":true,"href":"https:\/\/www.frankensicht.de\/index.php?rest_route=%2Fwp%2Fv2%2Fcomments&post=18798"}],"version-history":[{"count":2,"href":"https:\/\/www.frankensicht.de\/index.php?rest_route=\/wp\/v2\/posts\/18798\/revisions"}],"predecessor-version":[{"id":18800,"href":"https:\/\/www.frankensicht.de\/index.php?rest_route=\/wp\/v2\/posts\/18798\/revisions\/18800"}],"wp:featuredmedia":[{"embeddable":true,"href":"https:\/\/www.frankensicht.de\/index.php?rest_route=\/wp\/v2\/media\/7527"}],"wp:attachment":[{"href":"https:\/\/www.frankensicht.de\/index.php?rest_route=%2Fwp%2Fv2%2Fmedia&parent=18798"}],"wp:term":[{"taxonomy":"category","embeddable":true,"href":"https:\/\/www.frankensicht.de\/index.php?rest_route=%2Fwp%2Fv2%2Fcategories&post=18798"},{"taxonomy":"post_tag","embeddable":true,"href":"https:\/\/www.frankensicht.de\/index.php?rest_route=%2Fwp%2Fv2%2Ftags&post=18798"}],"curies":[{"name":"wp","href":"https:\/\/api.w.org\/{rel}","templated":true}]}}