{"id":18790,"date":"2026-09-02T08:57:38","date_gmt":"2026-09-02T06:57:38","guid":{"rendered":"https:\/\/www.frankensicht.de\/?p=18790"},"modified":"2026-09-02T08:58:00","modified_gmt":"2026-09-02T06:58:00","slug":"zweiter-aufruf-wirtschaftsministerium-foerdert-ladeinfrastruktur-fuer-e-guetertransport","status":"publish","type":"post","link":"https:\/\/www.frankensicht.de\/?p=18790","title":{"rendered":"Zweiter Aufruf: Wirtschaftsministerium f\u00f6rdert Ladeinfrastruktur f\u00fcr E-G\u00fctertransport"},"content":{"rendered":"<p><span style=\"color: #ff0000;\">M\u00fcnchen:<\/span><\/p>\n<p>Zweiter Aufruf: Wirtschaftsministerium f\u00f6rdert Ladeinfrastruktur f\u00fcr E-G\u00fctertransport<\/p>\n<p>Aiwanger: &#8222;Mit 2,5 Millionen Euro unterst\u00fctzen wir bayerische Unternehmen bei der Elektrifizierung ihrer Fahrzeugflotten&#8220;<\/p>\n<p>Das Wirtschaftsministerium treibt den Ausbau der Ladeinfrastruktur f\u00fcr Elektrofahrzeuge in Bayern weiter voran. Mitte September startet der zweite F\u00f6rderaufruf im Rahmen der F\u00f6rderrichtlinie \u201eLadeinfrastruktur f\u00fcr Elektrofahrzeuge in Bayern\u201c. Daf\u00fcr stehen 2,5 Millionen Euro bereit. Gef\u00f6rdert werden nicht \u00f6ffentlich zug\u00e4ngliche Ladepunkte f\u00fcr E-G\u00fctertransportfahrzeuge. \u00a0 Bayerns Wirtschaftsminister Hubert Aiwanger: \u201eDer G\u00fcterverkehr nimmt zu, einige Anwendungen setzen gezielt auf Elektro. Deshalb brauchen wir auch mehr Ladeinfrastruktur f\u00fcr E-Lkw. Mit 2,5 Millionen Euro unterst\u00fctzen wir bayerische Unternehmen bei der Elektrifizierung ihrer Fahrzeugflotten. Bayern setzt auf Innovation und Technologieoffenheit.\u201c<\/p>\n<p><a href=\"https:\/\/www.frankensicht.de\/?attachment_id=3806\" rel=\"attachment wp-att-3806\"><img loading=\"lazy\" decoding=\"async\" class=\"alignnone size-full wp-image-3806\" src=\"https:\/\/www.frankensicht.de\/wp-content\/uploads\/2012\/08\/lkw.jpg\" alt=\"\" width=\"220\" height=\"160\" \/><\/a><\/p>\n<p>Der zweite F\u00f6rderaufruf l\u00e4uft vom 14. September bis zum 16. Oktober 2026. Betreut wird das F\u00f6rderprogramm von der Kompetenzstelle Elektromobilit\u00e4t bei der Bayern Innovativ GmbH. Detaillierte Informationen zum F\u00f6rderprogramm und zum Aufruf finden sich beim F\u00f6rderprogramm \u201eLadeinfrastruktur f\u00fcr Elektrofahrzeuge in Bayern 2026\u20132029\u201c von Bayern Innovativ. \u00a0 Informationen zu den Ladepunkten in Bayern bietet der Ladeatlas Bayern.<\/p>\n<p>Quelle:stmwi.bayern.de<\/p>\n","protected":false},"excerpt":{"rendered":"<p>M\u00fcnchen: Zweiter Aufruf: Wirtschaftsministerium f\u00f6rdert Ladeinfrastruktur f\u00fcr E-G\u00fctertransport Aiwanger: &#8222;Mit 2,5 Millionen Euro unterst\u00fctzen wir bayerische Unternehmen bei der Elektrifizierung ihrer Fahrzeugflotten&#8220; Das Wirtschaftsministerium treibt den Ausbau der Ladeinfrastruktur f\u00fcr Elektrofahrzeuge in Bayern weiter voran. Mitte September startet der zweite F\u00f6rderaufruf im Rahmen der F\u00f6rderrichtlinie \u201eLadeinfrastruktur f\u00fcr Elektrofahrzeuge in Bayern\u201c. Daf\u00fcr stehen 2,5 Millionen Euro [&hellip;]<\/p>\n","protected":false},"author":7,"featured_media":3806,"comment_status":"closed","ping_status":"open","sticky":false,"template":"","format":"standard","meta":{"footnotes":""},"categories":[78,71],"tags":[4909],"class_list":["post-18790","post","type-post","status-publish","format-standard","has-post-thumbnail","hentry","category-bayern","category-menue","tag-e-guezterverkehr"],"_links":{"self":[{"href":"https:\/\/www.frankensicht.de\/index.php?rest_route=\/wp\/v2\/posts\/18790","targetHints":{"allow":["GET"]}}],"collection":[{"href":"https:\/\/www.frankensicht.de\/index.php?rest_route=\/wp\/v2\/posts"}],"about":[{"href":"https:\/\/www.frankensicht.de\/index.php?rest_route=\/wp\/v2\/types\/post"}],"author":[{"embeddable":true,"href":"https:\/\/www.frankensicht.de\/index.php?rest_route=\/wp\/v2\/users\/7"}],"replies":[{"embeddable":true,"href":"https:\/\/www.frankensicht.de\/index.php?rest_route=%2Fwp%2Fv2%2Fcomments&post=18790"}],"version-history":[{"count":2,"href":"https:\/\/www.frankensicht.de\/index.php?rest_route=\/wp\/v2\/posts\/18790\/revisions"}],"predecessor-version":[{"id":18792,"href":"https:\/\/www.frankensicht.de\/index.php?rest_route=\/wp\/v2\/posts\/18790\/revisions\/18792"}],"wp:featuredmedia":[{"embeddable":true,"href":"https:\/\/www.frankensicht.de\/index.php?rest_route=\/wp\/v2\/media\/3806"}],"wp:attachment":[{"href":"https:\/\/www.frankensicht.de\/index.php?rest_route=%2Fwp%2Fv2%2Fmedia&parent=18790"}],"wp:term":[{"taxonomy":"category","embeddable":true,"href":"https:\/\/www.frankensicht.de\/index.php?rest_route=%2Fwp%2Fv2%2Fcategories&post=18790"},{"taxonomy":"post_tag","embeddable":true,"href":"https:\/\/www.frankensicht.de\/index.php?rest_route=%2Fwp%2Fv2%2Ftags&post=18790"}],"curies":[{"name":"wp","href":"https:\/\/api.w.org\/{rel}","templated":true}]}}